{"id":12262,"date":"2025-02-14T21:51:09","date_gmt":"2025-02-14T20:51:09","guid":{"rendered":"https:\/\/wgphoto.pl\/t\/?p=12262"},"modified":"2025-02-14T21:51:09","modified_gmt":"2025-02-14T20:51:09","slug":"skoda-pod-palmami-2","status":"publish","type":"post","link":"http:\/\/wgphoto.pl\/t\/?p=12262","title":{"rendered":"\u0160koda pod palmami"},"content":{"rendered":"\n<figure class=\"wp-block-image aligncenter size-full\"><img loading=\"lazy\" decoding=\"async\" width=\"602\" height=\"900\" src=\"https:\/\/wgphoto.pl\/t\/wp-content\/uploads\/2025\/02\/imgp7218.jpg\" alt=\"\" class=\"wp-image-12263\" srcset=\"http:\/\/wgphoto.pl\/t\/wp-content\/uploads\/2025\/02\/imgp7218.jpg 602w, http:\/\/wgphoto.pl\/t\/wp-content\/uploads\/2025\/02\/imgp7218-201x300.jpg 201w\" sizes=\"auto, (max-width: 602px) 100vw, 602px\" \/><\/figure>\n\n\n\n<div class=\"wp-block-group has-global-padding is-layout-constrained wp-block-group-is-layout-constrained\">\n<p>\u0160koda zbli\u017ca si\u0119 do przystanku Gennari. By\u0142em przekonany, \u017ce widzia\u0142em gdzie\u015b identyczny kadr, tyle \u017ce z poci\u0105giem, ale nie mog\u0119 tego zdj\u0119cia odnale\u017a\u0107. 22.03.2012<\/p>\n<\/div>\n","protected":false},"excerpt":{"rendered":"<p>\u0160koda zbli\u017ca si\u0119 do przystanku Gennari. By\u0142em przekonany, \u017ce widzia\u0142em gdzie\u015b identyczny kadr, tyle \u017ce z poci\u0105giem, ale nie mog\u0119 tego zdj\u0119cia odnale\u017a\u0107. 22.03.2012<\/p>\n","protected":false},"author":1,"featured_media":12263,"comment_status":"open","ping_status":"","sticky":false,"template":"","format":"standard","meta":{"footnotes":""},"categories":[128,46,3],"tags":[2647,2648,1693,1691,3195,216,110],"class_list":["post-12262","post","type-post","status-publish","format-standard","has-post-thumbnail","hentry","category-pionowe","category-rok-2012","category-tramwaj","tag-2012-03-22","tag-cagliari","tag-fds-cagliari","tag-sardynia","tag-skoda-06t","tag-skoda-elektra","tag-wlochy"],"_links":{"self":[{"href":"http:\/\/wgphoto.pl\/t\/index.php?rest_route=\/wp\/v2\/posts\/12262","targetHints":{"allow":["GET"]}}],"collection":[{"href":"http:\/\/wgphoto.pl\/t\/index.php?rest_route=\/wp\/v2\/posts"}],"about":[{"href":"http:\/\/wgphoto.pl\/t\/index.php?rest_route=\/wp\/v2\/types\/post"}],"author":[{"embeddable":true,"href":"http:\/\/wgphoto.pl\/t\/index.php?rest_route=\/wp\/v2\/users\/1"}],"replies":[{"embeddable":true,"href":"http:\/\/wgphoto.pl\/t\/index.php?rest_route=%2Fwp%2Fv2%2Fcomments&post=12262"}],"version-history":[{"count":1,"href":"http:\/\/wgphoto.pl\/t\/index.php?rest_route=\/wp\/v2\/posts\/12262\/revisions"}],"predecessor-version":[{"id":12264,"href":"http:\/\/wgphoto.pl\/t\/index.php?rest_route=\/wp\/v2\/posts\/12262\/revisions\/12264"}],"wp:featuredmedia":[{"embeddable":true,"href":"http:\/\/wgphoto.pl\/t\/index.php?rest_route=\/wp\/v2\/media\/12263"}],"wp:attachment":[{"href":"http:\/\/wgphoto.pl\/t\/index.php?rest_route=%2Fwp%2Fv2%2Fmedia&parent=12262"}],"wp:term":[{"taxonomy":"category","embeddable":true,"href":"http:\/\/wgphoto.pl\/t\/index.php?rest_route=%2Fwp%2Fv2%2Fcategories&post=12262"},{"taxonomy":"post_tag","embeddable":true,"href":"http:\/\/wgphoto.pl\/t\/index.php?rest_route=%2Fwp%2Fv2%2Ftags&post=12262"}],"curies":[{"name":"wp","href":"https:\/\/api.w.org\/{rel}","templated":true}]}}