{"id":12265,"date":"2025-02-14T21:52:03","date_gmt":"2025-02-14T20:52:03","guid":{"rendered":"https:\/\/wgphoto.pl\/t\/?p=12265"},"modified":"2025-02-14T21:52:03","modified_gmt":"2025-02-14T20:52:03","slug":"vesalio","status":"publish","type":"post","link":"http:\/\/wgphoto.pl\/t\/?p=12265","title":{"rendered":"Vesalio"},"content":{"rendered":"\n<figure class=\"wp-block-image aligncenter size-full\"><img loading=\"lazy\" decoding=\"async\" width=\"1024\" height=\"685\" src=\"https:\/\/wgphoto.pl\/t\/wp-content\/uploads\/2025\/02\/imgp7161-1.jpg\" alt=\"\" class=\"wp-image-12266\" srcset=\"http:\/\/wgphoto.pl\/t\/wp-content\/uploads\/2025\/02\/imgp7161-1.jpg 1024w, http:\/\/wgphoto.pl\/t\/wp-content\/uploads\/2025\/02\/imgp7161-1-300x201.jpg 300w, http:\/\/wgphoto.pl\/t\/wp-content\/uploads\/2025\/02\/imgp7161-1-768x514.jpg 768w\" sizes=\"auto, (max-width: 1024px) 100vw, 1024px\" \/><\/figure>\n\n\n\n<div class=\"wp-block-group has-global-padding is-layout-constrained wp-block-group-is-layout-constrained\">\n<p>Wagon CA07 wje\u017cd\u017ca na mijank\u0119 Vesalio. Ci\u0119\u017cko stwierdzi\u0107 czy uk\u0142ad torowy zdradza plany na przysz\u0142o\u015b\u0107, czy te\u017c jest reliktem kolejowej przesz\u0142o\u015bci. Przy okazji dodam, \u017ce trasa &#8222;metra&#8221; jest w ca\u0142o\u015bci jednotorowa z mijankami (przy czym niekt\u00f3re z nich maj\u0105 d\u0142ugo\u015b\u0107 rz\u0119du 200-300 metr\u00f3w), co wymusza konstrukcj\u0119 rozk\u0142adu jazdy uwzgl\u0119dniaj\u0105c\u0105 t\u0119 niedogodno\u015b\u0107. W\u0142oskie podej\u015bcie do punktualno\u015bci sprawia jednak, \u017ce powtarzalno\u015b\u0107 krzy\u017cowa\u0144 przy sta\u0142ej cz\u0119stotliwo\u015bci kurs\u00f3w jest raczej niewielka. 22.03.2012<\/p>\n<\/div>\n","protected":false},"excerpt":{"rendered":"<p>Wagon CA07 wje\u017cd\u017ca na mijank\u0119 Vesalio. Ci\u0119\u017cko stwierdzi\u0107 czy uk\u0142ad torowy zdradza plany na przysz\u0142o\u015b\u0107, czy te\u017c jest reliktem kolejowej przesz\u0142o\u015bci. Przy okazji dodam, \u017ce trasa &#8222;metra&#8221; jest w ca\u0142o\u015bci jednotorowa z mijankami (przy czym niekt\u00f3re z nich maj\u0105 d\u0142ugo\u015b\u0107 rz\u0119du 200-300 metr\u00f3w), co wymusza konstrukcj\u0119 rozk\u0142adu jazdy uwzgl\u0119dniaj\u0105c\u0105 t\u0119 niedogodno\u015b\u0107. W\u0142oskie podej\u015bcie do punktualno\u015bci [&hellip;]<\/p>\n","protected":false},"author":1,"featured_media":12266,"comment_status":"open","ping_status":"","sticky":false,"template":"","format":"standard","meta":{"footnotes":""},"categories":[46,3],"tags":[2647,2648,1693,1691,3195,216,110],"class_list":["post-12265","post","type-post","status-publish","format-standard","has-post-thumbnail","hentry","category-rok-2012","category-tramwaj","tag-2012-03-22","tag-cagliari","tag-fds-cagliari","tag-sardynia","tag-skoda-06t","tag-skoda-elektra","tag-wlochy"],"_links":{"self":[{"href":"http:\/\/wgphoto.pl\/t\/index.php?rest_route=\/wp\/v2\/posts\/12265","targetHints":{"allow":["GET"]}}],"collection":[{"href":"http:\/\/wgphoto.pl\/t\/index.php?rest_route=\/wp\/v2\/posts"}],"about":[{"href":"http:\/\/wgphoto.pl\/t\/index.php?rest_route=\/wp\/v2\/types\/post"}],"author":[{"embeddable":true,"href":"http:\/\/wgphoto.pl\/t\/index.php?rest_route=\/wp\/v2\/users\/1"}],"replies":[{"embeddable":true,"href":"http:\/\/wgphoto.pl\/t\/index.php?rest_route=%2Fwp%2Fv2%2Fcomments&post=12265"}],"version-history":[{"count":1,"href":"http:\/\/wgphoto.pl\/t\/index.php?rest_route=\/wp\/v2\/posts\/12265\/revisions"}],"predecessor-version":[{"id":12267,"href":"http:\/\/wgphoto.pl\/t\/index.php?rest_route=\/wp\/v2\/posts\/12265\/revisions\/12267"}],"wp:featuredmedia":[{"embeddable":true,"href":"http:\/\/wgphoto.pl\/t\/index.php?rest_route=\/wp\/v2\/media\/12266"}],"wp:attachment":[{"href":"http:\/\/wgphoto.pl\/t\/index.php?rest_route=%2Fwp%2Fv2%2Fmedia&parent=12265"}],"wp:term":[{"taxonomy":"category","embeddable":true,"href":"http:\/\/wgphoto.pl\/t\/index.php?rest_route=%2Fwp%2Fv2%2Fcategories&post=12265"},{"taxonomy":"post_tag","embeddable":true,"href":"http:\/\/wgphoto.pl\/t\/index.php?rest_route=%2Fwp%2Fv2%2Ftags&post=12265"}],"curies":[{"name":"wp","href":"https:\/\/api.w.org\/{rel}","templated":true}]}}