{"id":12301,"date":"2025-02-14T22:05:32","date_gmt":"2025-02-14T21:05:32","guid":{"rendered":"https:\/\/wgphoto.pl\/t\/?p=12301"},"modified":"2025-02-14T22:05:32","modified_gmt":"2025-02-14T21:05:32","slug":"ostrava-vitkovice","status":"publish","type":"post","link":"http:\/\/wgphoto.pl\/t\/?p=12301","title":{"rendered":"Ostrava V\u00edtkovice"},"content":{"rendered":"\n<figure class=\"wp-block-image aligncenter size-full\"><img loading=\"lazy\" decoding=\"async\" width=\"1024\" height=\"684\" src=\"https:\/\/wgphoto.pl\/t\/wp-content\/uploads\/2025\/02\/dscf7616.jpg\" alt=\"\" class=\"wp-image-12302\" srcset=\"http:\/\/wgphoto.pl\/t\/wp-content\/uploads\/2025\/02\/dscf7616.jpg 1024w, http:\/\/wgphoto.pl\/t\/wp-content\/uploads\/2025\/02\/dscf7616-300x200.jpg 300w, http:\/\/wgphoto.pl\/t\/wp-content\/uploads\/2025\/02\/dscf7616-768x513.jpg 768w\" sizes=\"auto, (max-width: 1024px) 100vw, 1024px\" \/><\/figure>\n\n\n\n<div class=\"wp-block-group has-global-padding is-layout-constrained wp-block-group-is-layout-constrained\">\n<p>Jednostka prowadzona wagonem nap\u0119dowym 460 083-9 zatrzymuje si\u0119 w przemys\u0142owej dzielnicy Ostrawy &#8211; V\u00edtkovic\u00edch. To b\u0119dzie najpewniej op\u00f3\u017aniony o 13 minut poci\u0105g 3412 rel. \u010cesk\u00fd T\u011b\u0161\u00edn &#8211; Opava v\u00fdchod. 2008-09-23<\/p>\n<\/div>\n","protected":false},"excerpt":{"rendered":"<p>Jednostka prowadzona wagonem nap\u0119dowym 460 083-9 zatrzymuje si\u0119 w przemys\u0142owej dzielnicy Ostrawy &#8211; V\u00edtkovic\u00edch. To b\u0119dzie najpewniej op\u00f3\u017aniony o 13 minut poci\u0105g 3412 rel. \u010cesk\u00fd T\u011b\u0161\u00edn &#8211; Opava v\u00fdchod. 2008-09-23<\/p>\n","protected":false},"author":1,"featured_media":12302,"comment_status":"open","ping_status":"","sticky":false,"template":"","format":"standard","meta":{"footnotes":""},"categories":[2,120],"tags":[1742,1398,50,49,3196,897,2082],"class_list":["post-12301","post","type-post","status-publish","format-standard","has-post-thumbnail","hentry","category-kolej","category-rok-2008","tag-2008-09-23","tag-1398","tag-cd","tag-czechy","tag-ostrava-vitkovice","tag-ostrawa","tag-tab-cz321"],"_links":{"self":[{"href":"http:\/\/wgphoto.pl\/t\/index.php?rest_route=\/wp\/v2\/posts\/12301","targetHints":{"allow":["GET"]}}],"collection":[{"href":"http:\/\/wgphoto.pl\/t\/index.php?rest_route=\/wp\/v2\/posts"}],"about":[{"href":"http:\/\/wgphoto.pl\/t\/index.php?rest_route=\/wp\/v2\/types\/post"}],"author":[{"embeddable":true,"href":"http:\/\/wgphoto.pl\/t\/index.php?rest_route=\/wp\/v2\/users\/1"}],"replies":[{"embeddable":true,"href":"http:\/\/wgphoto.pl\/t\/index.php?rest_route=%2Fwp%2Fv2%2Fcomments&post=12301"}],"version-history":[{"count":1,"href":"http:\/\/wgphoto.pl\/t\/index.php?rest_route=\/wp\/v2\/posts\/12301\/revisions"}],"predecessor-version":[{"id":12303,"href":"http:\/\/wgphoto.pl\/t\/index.php?rest_route=\/wp\/v2\/posts\/12301\/revisions\/12303"}],"wp:featuredmedia":[{"embeddable":true,"href":"http:\/\/wgphoto.pl\/t\/index.php?rest_route=\/wp\/v2\/media\/12302"}],"wp:attachment":[{"href":"http:\/\/wgphoto.pl\/t\/index.php?rest_route=%2Fwp%2Fv2%2Fmedia&parent=12301"}],"wp:term":[{"taxonomy":"category","embeddable":true,"href":"http:\/\/wgphoto.pl\/t\/index.php?rest_route=%2Fwp%2Fv2%2Fcategories&post=12301"},{"taxonomy":"post_tag","embeddable":true,"href":"http:\/\/wgphoto.pl\/t\/index.php?rest_route=%2Fwp%2Fv2%2Ftags&post=12301"}],"curies":[{"name":"wp","href":"https:\/\/api.w.org\/{rel}","templated":true}]}}