{"id":12304,"date":"2025-02-14T22:06:39","date_gmt":"2025-02-14T21:06:39","guid":{"rendered":"https:\/\/wgphoto.pl\/t\/?p=12304"},"modified":"2025-02-14T22:06:39","modified_gmt":"2025-02-14T21:06:39","slug":"ostrava-svinov","status":"publish","type":"post","link":"http:\/\/wgphoto.pl\/t\/?p=12304","title":{"rendered":"Ostrava-Svinov"},"content":{"rendered":"\n<figure class=\"wp-block-image aligncenter size-full\"><img loading=\"lazy\" decoding=\"async\" width=\"1024\" height=\"685\" src=\"https:\/\/wgphoto.pl\/t\/wp-content\/uploads\/2025\/02\/0815-03.jpg\" alt=\"\" class=\"wp-image-12305\" srcset=\"http:\/\/wgphoto.pl\/t\/wp-content\/uploads\/2025\/02\/0815-03.jpg 1024w, http:\/\/wgphoto.pl\/t\/wp-content\/uploads\/2025\/02\/0815-03-300x201.jpg 300w, http:\/\/wgphoto.pl\/t\/wp-content\/uploads\/2025\/02\/0815-03-768x514.jpg 768w\" sizes=\"auto, (max-width: 1024px) 100vw, 1024px\" \/><\/figure>\n\n\n\n<div class=\"wp-block-group has-global-padding is-layout-constrained wp-block-group-is-layout-constrained\">\n<p>460 080-5 oczekuje na odjazd w nieznanym kierunku. Z faktu niewykorzystania zgodnie z przeznaczeniem typowej dla Czech wiaty przy budynku stacyjnym mo\u017cna wywnioskowa\u0107, \u017ce szerokie i wysokie perony oraz przej\u015bcia podziemne s\u0105 wynikiem g\u0142\u0119bokiej modernizacji, jakiej zosta\u0142 poddany dworzec Ostrava-Svinov. Jest on z pewno\u015bci\u0105 bardziej reprezentacyjny od tutejszego dworca g\u0142\u00f3wnego, co z racji pe\u0142nionej funkcji (po\u0142o\u017cenie bli\u017cej blokowisk, wa\u017cniejszy w\u0119ze\u0142 w ruchu pasa\u017cerskim, przystanek dla poci\u0105g\u00f3w wszystkich kategorii, z SuperCity w\u0142\u0105cznie) zupe\u0142nie nie dziwi. 2008-09-13<\/p>\n<\/div>\n","protected":false},"excerpt":{"rendered":"<p>460 080-5 oczekuje na odjazd w nieznanym kierunku. Z faktu niewykorzystania zgodnie z przeznaczeniem typowej dla Czech wiaty przy budynku stacyjnym mo\u017cna wywnioskowa\u0107, \u017ce szerokie i wysokie perony oraz przej\u015bcia podziemne s\u0105 wynikiem g\u0142\u0119bokiej modernizacji, jakiej zosta\u0142 poddany dworzec Ostrava-Svinov. Jest on z pewno\u015bci\u0105 bardziej reprezentacyjny od tutejszego dworca g\u0142\u00f3wnego, co z racji pe\u0142nionej funkcji [&hellip;]<\/p>\n","protected":false},"author":1,"featured_media":12305,"comment_status":"open","ping_status":"","sticky":false,"template":"","format":"standard","meta":{"footnotes":""},"categories":[62,2,120],"tags":[3197,1398,50,49,3198,897,2082],"class_list":["post-12304","post","type-post","status-publish","format-standard","has-post-thumbnail","hentry","category-analog","category-kolej","category-rok-2008","tag-2008-09-13","tag-1398","tag-cd","tag-czechy","tag-ostrava-svinov","tag-ostrawa","tag-tab-cz321"],"_links":{"self":[{"href":"http:\/\/wgphoto.pl\/t\/index.php?rest_route=\/wp\/v2\/posts\/12304","targetHints":{"allow":["GET"]}}],"collection":[{"href":"http:\/\/wgphoto.pl\/t\/index.php?rest_route=\/wp\/v2\/posts"}],"about":[{"href":"http:\/\/wgphoto.pl\/t\/index.php?rest_route=\/wp\/v2\/types\/post"}],"author":[{"embeddable":true,"href":"http:\/\/wgphoto.pl\/t\/index.php?rest_route=\/wp\/v2\/users\/1"}],"replies":[{"embeddable":true,"href":"http:\/\/wgphoto.pl\/t\/index.php?rest_route=%2Fwp%2Fv2%2Fcomments&post=12304"}],"version-history":[{"count":1,"href":"http:\/\/wgphoto.pl\/t\/index.php?rest_route=\/wp\/v2\/posts\/12304\/revisions"}],"predecessor-version":[{"id":12306,"href":"http:\/\/wgphoto.pl\/t\/index.php?rest_route=\/wp\/v2\/posts\/12304\/revisions\/12306"}],"wp:featuredmedia":[{"embeddable":true,"href":"http:\/\/wgphoto.pl\/t\/index.php?rest_route=\/wp\/v2\/media\/12305"}],"wp:attachment":[{"href":"http:\/\/wgphoto.pl\/t\/index.php?rest_route=%2Fwp%2Fv2%2Fmedia&parent=12304"}],"wp:term":[{"taxonomy":"category","embeddable":true,"href":"http:\/\/wgphoto.pl\/t\/index.php?rest_route=%2Fwp%2Fv2%2Fcategories&post=12304"},{"taxonomy":"post_tag","embeddable":true,"href":"http:\/\/wgphoto.pl\/t\/index.php?rest_route=%2Fwp%2Fv2%2Ftags&post=12304"}],"curies":[{"name":"wp","href":"https:\/\/api.w.org\/{rel}","templated":true}]}}