{"id":12385,"date":"2025-02-21T17:18:30","date_gmt":"2025-02-21T16:18:30","guid":{"rendered":"https:\/\/wgphoto.pl\/t\/?p=12385"},"modified":"2025-02-21T17:18:30","modified_gmt":"2025-02-21T16:18:30","slug":"most-nad-biala-elstera","status":"publish","type":"post","link":"http:\/\/wgphoto.pl\/t\/?p=12385","title":{"rendered":"Most nad Bia\u0142\u0105 Elster\u0105"},"content":{"rendered":"\n<figure class=\"wp-block-image aligncenter size-full\"><img loading=\"lazy\" decoding=\"async\" width=\"1000\" height=\"666\" src=\"https:\/\/wgphoto.pl\/t\/wp-content\/uploads\/2025\/02\/imgp9579a.jpg\" alt=\"\" class=\"wp-image-12386\" srcset=\"http:\/\/wgphoto.pl\/t\/wp-content\/uploads\/2025\/02\/imgp9579a.jpg 1000w, http:\/\/wgphoto.pl\/t\/wp-content\/uploads\/2025\/02\/imgp9579a-300x200.jpg 300w, http:\/\/wgphoto.pl\/t\/wp-content\/uploads\/2025\/02\/imgp9579a-768x511.jpg 768w\" sizes=\"auto, (max-width: 1000px) 100vw, 1000px\" \/><\/figure>\n\n\n\n<div class=\"wp-block-group has-global-padding is-layout-constrained wp-block-group-is-layout-constrained\">\n<p>Gera, Aalichtstra\u00dfe, most nad Bia\u0142\u0105 Elster\u0105. 2 jest najkr\u00f3tsz\u0105 lini\u0105 tramwajow\u0105 w Gerze. Obs\u0142ug\u0119 zapewnia jeden pojazd, kursuj\u0105cy z 20-minutow\u0105 cz\u0119stotliwo\u015bci\u0105 na licz\u0105cej 5 przystank\u00f3w trasie, kt\u00f3ra \u0142\u0105czy lokalny przystanek kolejowy Gera Zw\u00f6tzen z niedalekim blokowiskiem oraz jad\u0105c\u0105 do centrum lini\u0105 3. Z racji marginalnego znaczenia linii spodziewa\u0142em si\u0119 tutaj KT4D solo; d\u0142ugi niderflur mnie troch\u0119 zaskoczy\u0142. 2009-09-10<\/p>\n<\/div>\n","protected":false},"excerpt":{"rendered":"<p>Gera, Aalichtstra\u00dfe, most nad Bia\u0142\u0105 Elster\u0105. 2 jest najkr\u00f3tsz\u0105 lini\u0105 tramwajow\u0105 w Gerze. Obs\u0142ug\u0119 zapewnia jeden pojazd, kursuj\u0105cy z 20-minutow\u0105 cz\u0119stotliwo\u015bci\u0105 na licz\u0105cej 5 przystank\u00f3w trasie, kt\u00f3ra \u0142\u0105czy lokalny przystanek kolejowy Gera Zw\u00f6tzen z niedalekim blokowiskiem oraz jad\u0105c\u0105 do centrum lini\u0105 3. Z racji marginalnego znaczenia linii spodziewa\u0142em si\u0119 tutaj KT4D solo; d\u0142ugi niderflur mnie [&hellip;]<\/p>\n","protected":false},"author":1,"featured_media":12386,"comment_status":"open","ping_status":"","sticky":false,"template":"","format":"standard","meta":{"footnotes":""},"categories":[169,3],"tags":[490,1408,1009,2076,45,23],"class_list":["post-12385","post","type-post","status-publish","format-standard","has-post-thumbnail","hentry","category-rok-2009","category-tramwaj","tag-2009-09-10","tag-alstom-citadis200","tag-gera","tag-gvb-gera","tag-most","tag-niemcy"],"_links":{"self":[{"href":"http:\/\/wgphoto.pl\/t\/index.php?rest_route=\/wp\/v2\/posts\/12385","targetHints":{"allow":["GET"]}}],"collection":[{"href":"http:\/\/wgphoto.pl\/t\/index.php?rest_route=\/wp\/v2\/posts"}],"about":[{"href":"http:\/\/wgphoto.pl\/t\/index.php?rest_route=\/wp\/v2\/types\/post"}],"author":[{"embeddable":true,"href":"http:\/\/wgphoto.pl\/t\/index.php?rest_route=\/wp\/v2\/users\/1"}],"replies":[{"embeddable":true,"href":"http:\/\/wgphoto.pl\/t\/index.php?rest_route=%2Fwp%2Fv2%2Fcomments&post=12385"}],"version-history":[{"count":1,"href":"http:\/\/wgphoto.pl\/t\/index.php?rest_route=\/wp\/v2\/posts\/12385\/revisions"}],"predecessor-version":[{"id":12387,"href":"http:\/\/wgphoto.pl\/t\/index.php?rest_route=\/wp\/v2\/posts\/12385\/revisions\/12387"}],"wp:featuredmedia":[{"embeddable":true,"href":"http:\/\/wgphoto.pl\/t\/index.php?rest_route=\/wp\/v2\/media\/12386"}],"wp:attachment":[{"href":"http:\/\/wgphoto.pl\/t\/index.php?rest_route=%2Fwp%2Fv2%2Fmedia&parent=12385"}],"wp:term":[{"taxonomy":"category","embeddable":true,"href":"http:\/\/wgphoto.pl\/t\/index.php?rest_route=%2Fwp%2Fv2%2Fcategories&post=12385"},{"taxonomy":"post_tag","embeddable":true,"href":"http:\/\/wgphoto.pl\/t\/index.php?rest_route=%2Fwp%2Fv2%2Ftags&post=12385"}],"curies":[{"name":"wp","href":"https:\/\/api.w.org\/{rel}","templated":true}]}}