{"id":12406,"date":"2025-02-21T17:25:19","date_gmt":"2025-02-21T16:25:19","guid":{"rendered":"https:\/\/wgphoto.pl\/t\/?p=12406"},"modified":"2025-02-21T17:25:19","modified_gmt":"2025-02-21T16:25:19","slug":"kt4d-nr-1170-lwow","status":"publish","type":"post","link":"http:\/\/wgphoto.pl\/t\/?p=12406","title":{"rendered":"KT4D nr 1170, Lw\u00f3w"},"content":{"rendered":"\n<figure class=\"wp-block-image aligncenter size-full\"><img loading=\"lazy\" decoding=\"async\" width=\"1000\" height=\"661\" src=\"https:\/\/wgphoto.pl\/t\/wp-content\/uploads\/2025\/02\/imgp8831a.jpg\" alt=\"\" class=\"wp-image-12407\" srcset=\"http:\/\/wgphoto.pl\/t\/wp-content\/uploads\/2025\/02\/imgp8831a.jpg 1000w, http:\/\/wgphoto.pl\/t\/wp-content\/uploads\/2025\/02\/imgp8831a-300x198.jpg 300w, http:\/\/wgphoto.pl\/t\/wp-content\/uploads\/2025\/02\/imgp8831a-768x508.jpg 768w\" sizes=\"auto, (max-width: 1000px) 100vw, 1000px\" \/><\/figure>\n\n\n\n<div class=\"wp-block-group has-global-padding is-layout-constrained wp-block-group-is-layout-constrained\">\n<p>Lw\u00f3w, ul. Zamarstyniwska. KT4D 1170, jak wiele u\u017cywanych pojazd\u00f3w z Niemiec, nosi wyra\u017ane \u015blady po poprzednim w\u0142a\u015bcicielu. 26.08.2009<\/p>\n<\/div>\n","protected":false},"excerpt":{"rendered":"<p>Lw\u00f3w, ul. Zamarstyniwska. KT4D 1170, jak wiele u\u017cywanych pojazd\u00f3w z Niemiec, nosi wyra\u017ane \u015blady po poprzednim w\u0142a\u015bcicielu. 26.08.2009<\/p>\n","protected":false},"author":1,"featured_media":12407,"comment_status":"open","ping_status":"","sticky":false,"template":"","format":"standard","meta":{"footnotes":""},"categories":[169,3],"tags":[975,34,974,33,453],"class_list":["post-12406","post","type-post","status-publish","format-standard","has-post-thumbnail","hentry","category-rok-2009","category-tramwaj","tag-2009-08-26","tag-architektura","tag-lwow","tag-tatra-kt4","tag-ukraina"],"_links":{"self":[{"href":"http:\/\/wgphoto.pl\/t\/index.php?rest_route=\/wp\/v2\/posts\/12406","targetHints":{"allow":["GET"]}}],"collection":[{"href":"http:\/\/wgphoto.pl\/t\/index.php?rest_route=\/wp\/v2\/posts"}],"about":[{"href":"http:\/\/wgphoto.pl\/t\/index.php?rest_route=\/wp\/v2\/types\/post"}],"author":[{"embeddable":true,"href":"http:\/\/wgphoto.pl\/t\/index.php?rest_route=\/wp\/v2\/users\/1"}],"replies":[{"embeddable":true,"href":"http:\/\/wgphoto.pl\/t\/index.php?rest_route=%2Fwp%2Fv2%2Fcomments&post=12406"}],"version-history":[{"count":1,"href":"http:\/\/wgphoto.pl\/t\/index.php?rest_route=\/wp\/v2\/posts\/12406\/revisions"}],"predecessor-version":[{"id":12408,"href":"http:\/\/wgphoto.pl\/t\/index.php?rest_route=\/wp\/v2\/posts\/12406\/revisions\/12408"}],"wp:featuredmedia":[{"embeddable":true,"href":"http:\/\/wgphoto.pl\/t\/index.php?rest_route=\/wp\/v2\/media\/12407"}],"wp:attachment":[{"href":"http:\/\/wgphoto.pl\/t\/index.php?rest_route=%2Fwp%2Fv2%2Fmedia&parent=12406"}],"wp:term":[{"taxonomy":"category","embeddable":true,"href":"http:\/\/wgphoto.pl\/t\/index.php?rest_route=%2Fwp%2Fv2%2Fcategories&post=12406"},{"taxonomy":"post_tag","embeddable":true,"href":"http:\/\/wgphoto.pl\/t\/index.php?rest_route=%2Fwp%2Fv2%2Ftags&post=12406"}],"curies":[{"name":"wp","href":"https:\/\/api.w.org\/{rel}","templated":true}]}}