{"id":12409,"date":"2025-02-21T17:26:33","date_gmt":"2025-02-21T16:26:33","guid":{"rendered":"https:\/\/wgphoto.pl\/t\/?p=12409"},"modified":"2025-02-21T17:26:33","modified_gmt":"2025-02-21T16:26:33","slug":"gvb-gera-pod-flaga-niebiesko-zolta","status":"publish","type":"post","link":"http:\/\/wgphoto.pl\/t\/?p=12409","title":{"rendered":"GVB Gera pod flag\u0105 niebiesko-\u017c\u00f3\u0142t\u0105"},"content":{"rendered":"\n<figure class=\"wp-block-image aligncenter size-full\"><img loading=\"lazy\" decoding=\"async\" width=\"600\" height=\"850\" src=\"https:\/\/wgphoto.pl\/t\/wp-content\/uploads\/2025\/02\/imgp8738.jpg\" alt=\"\" class=\"wp-image-12410\" srcset=\"http:\/\/wgphoto.pl\/t\/wp-content\/uploads\/2025\/02\/imgp8738.jpg 600w, http:\/\/wgphoto.pl\/t\/wp-content\/uploads\/2025\/02\/imgp8738-212x300.jpg 212w\" sizes=\"auto, (max-width: 600px) 100vw, 600px\" \/><\/figure>\n\n\n\n<div class=\"wp-block-group has-global-padding is-layout-constrained wp-block-group-is-layout-constrained\">\n<p>Lw\u00f3w, ul. Czerniwecka. Sprowadzony rok wcze\u015bniej z Gery wagon KT4D 1160, odjechawszy spod dworca g\u0142\u00f3wnego rozpocz\u0105\u0142 przed chwil\u0105 kurs na linii 6, obs\u0142ugiwanej w znacznej cz\u0119\u015bci przez pojazdy pochodz\u0105ce z tego niemieckiego miasta. 26.08.2009<\/p>\n<\/div>\n","protected":false},"excerpt":{"rendered":"<p>Lw\u00f3w, ul. Czerniwecka. Sprowadzony rok wcze\u015bniej z Gery wagon KT4D 1160, odjechawszy spod dworca g\u0142\u00f3wnego rozpocz\u0105\u0142 przed chwil\u0105 kurs na linii 6, obs\u0142ugiwanej w znacznej cz\u0119\u015bci przez pojazdy pochodz\u0105ce z tego niemieckiego miasta. 26.08.2009<\/p>\n","protected":false},"author":1,"featured_media":12410,"comment_status":"open","ping_status":"","sticky":false,"template":"","format":"standard","meta":{"footnotes":""},"categories":[128,169,3],"tags":[975,494,974,176,380,33,453],"class_list":["post-12409","post","type-post","status-publish","format-standard","has-post-thumbnail","hentry","category-pionowe","category-rok-2009","category-tramwaj","tag-2009-08-26","tag-flaga","tag-lwow","tag-rano","tag-spod-dworca","tag-tatra-kt4","tag-ukraina"],"_links":{"self":[{"href":"http:\/\/wgphoto.pl\/t\/index.php?rest_route=\/wp\/v2\/posts\/12409","targetHints":{"allow":["GET"]}}],"collection":[{"href":"http:\/\/wgphoto.pl\/t\/index.php?rest_route=\/wp\/v2\/posts"}],"about":[{"href":"http:\/\/wgphoto.pl\/t\/index.php?rest_route=\/wp\/v2\/types\/post"}],"author":[{"embeddable":true,"href":"http:\/\/wgphoto.pl\/t\/index.php?rest_route=\/wp\/v2\/users\/1"}],"replies":[{"embeddable":true,"href":"http:\/\/wgphoto.pl\/t\/index.php?rest_route=%2Fwp%2Fv2%2Fcomments&post=12409"}],"version-history":[{"count":1,"href":"http:\/\/wgphoto.pl\/t\/index.php?rest_route=\/wp\/v2\/posts\/12409\/revisions"}],"predecessor-version":[{"id":12411,"href":"http:\/\/wgphoto.pl\/t\/index.php?rest_route=\/wp\/v2\/posts\/12409\/revisions\/12411"}],"wp:featuredmedia":[{"embeddable":true,"href":"http:\/\/wgphoto.pl\/t\/index.php?rest_route=\/wp\/v2\/media\/12410"}],"wp:attachment":[{"href":"http:\/\/wgphoto.pl\/t\/index.php?rest_route=%2Fwp%2Fv2%2Fmedia&parent=12409"}],"wp:term":[{"taxonomy":"category","embeddable":true,"href":"http:\/\/wgphoto.pl\/t\/index.php?rest_route=%2Fwp%2Fv2%2Fcategories&post=12409"},{"taxonomy":"post_tag","embeddable":true,"href":"http:\/\/wgphoto.pl\/t\/index.php?rest_route=%2Fwp%2Fv2%2Ftags&post=12409"}],"curies":[{"name":"wp","href":"https:\/\/api.w.org\/{rel}","templated":true}]}}