{"id":12412,"date":"2025-02-21T17:28:13","date_gmt":"2025-02-21T16:28:13","guid":{"rendered":"https:\/\/wgphoto.pl\/t\/?p=12412"},"modified":"2025-02-21T17:28:13","modified_gmt":"2025-02-21T16:28:13","slug":"kt4su-nr-1139","status":"publish","type":"post","link":"http:\/\/wgphoto.pl\/t\/?p=12412","title":{"rendered":"KT4SU nr 1139"},"content":{"rendered":"\n<figure class=\"wp-block-image aligncenter size-full\"><img loading=\"lazy\" decoding=\"async\" width=\"600\" height=\"887\" src=\"https:\/\/wgphoto.pl\/t\/wp-content\/uploads\/2025\/02\/imgp8844.jpg\" alt=\"\" class=\"wp-image-12414\" srcset=\"http:\/\/wgphoto.pl\/t\/wp-content\/uploads\/2025\/02\/imgp8844.jpg 600w, http:\/\/wgphoto.pl\/t\/wp-content\/uploads\/2025\/02\/imgp8844-203x300.jpg 203w\" sizes=\"auto, (max-width: 600px) 100vw, 600px\" \/><\/figure>\n\n\n\n<div class=\"wp-block-group has-global-padding is-layout-constrained wp-block-group-is-layout-constrained\">\n<p>Lw\u00f3w, ul. Pidwalna. Kat\u00f3wka mija arsena\u0142 miejski i zostawia za sob\u0105 wie\u017c\u0119 Cerkwi Wo\u0142oskiej. 26.08.2009<\/p>\n<\/div>\n","protected":false},"excerpt":{"rendered":"<p>Lw\u00f3w, ul. Pidwalna. Kat\u00f3wka mija arsena\u0142 miejski i zostawia za sob\u0105 wie\u017c\u0119 Cerkwi Wo\u0142oskiej. 26.08.2009<\/p>\n","protected":false},"author":1,"featured_media":12414,"comment_status":"open","ping_status":"","sticky":false,"template":"","format":"standard","meta":{"footnotes":""},"categories":[128,169,3],"tags":[975,34,974,33,453],"class_list":["post-12412","post","type-post","status-publish","format-standard","has-post-thumbnail","hentry","category-pionowe","category-rok-2009","category-tramwaj","tag-2009-08-26","tag-architektura","tag-lwow","tag-tatra-kt4","tag-ukraina"],"_links":{"self":[{"href":"http:\/\/wgphoto.pl\/t\/index.php?rest_route=\/wp\/v2\/posts\/12412","targetHints":{"allow":["GET"]}}],"collection":[{"href":"http:\/\/wgphoto.pl\/t\/index.php?rest_route=\/wp\/v2\/posts"}],"about":[{"href":"http:\/\/wgphoto.pl\/t\/index.php?rest_route=\/wp\/v2\/types\/post"}],"author":[{"embeddable":true,"href":"http:\/\/wgphoto.pl\/t\/index.php?rest_route=\/wp\/v2\/users\/1"}],"replies":[{"embeddable":true,"href":"http:\/\/wgphoto.pl\/t\/index.php?rest_route=%2Fwp%2Fv2%2Fcomments&post=12412"}],"version-history":[{"count":1,"href":"http:\/\/wgphoto.pl\/t\/index.php?rest_route=\/wp\/v2\/posts\/12412\/revisions"}],"predecessor-version":[{"id":12415,"href":"http:\/\/wgphoto.pl\/t\/index.php?rest_route=\/wp\/v2\/posts\/12412\/revisions\/12415"}],"wp:featuredmedia":[{"embeddable":true,"href":"http:\/\/wgphoto.pl\/t\/index.php?rest_route=\/wp\/v2\/media\/12414"}],"wp:attachment":[{"href":"http:\/\/wgphoto.pl\/t\/index.php?rest_route=%2Fwp%2Fv2%2Fmedia&parent=12412"}],"wp:term":[{"taxonomy":"category","embeddable":true,"href":"http:\/\/wgphoto.pl\/t\/index.php?rest_route=%2Fwp%2Fv2%2Fcategories&post=12412"},{"taxonomy":"post_tag","embeddable":true,"href":"http:\/\/wgphoto.pl\/t\/index.php?rest_route=%2Fwp%2Fv2%2Ftags&post=12412"}],"curies":[{"name":"wp","href":"https:\/\/api.w.org\/{rel}","templated":true}]}}