{"id":12419,"date":"2025-02-21T17:31:22","date_gmt":"2025-02-21T16:31:22","guid":{"rendered":"https:\/\/wgphoto.pl\/t\/?p=12419"},"modified":"2025-02-21T17:31:22","modified_gmt":"2025-02-21T16:31:22","slug":"lwowscy-pasazerowie","status":"publish","type":"post","link":"http:\/\/wgphoto.pl\/t\/?p=12419","title":{"rendered":"Lwowscy pasa\u017cerowie"},"content":{"rendered":"\n<figure class=\"wp-block-image aligncenter size-full\"><img loading=\"lazy\" decoding=\"async\" width=\"999\" height=\"667\" src=\"https:\/\/wgphoto.pl\/t\/wp-content\/uploads\/2025\/02\/imgp8631-09.jpg\" alt=\"\" class=\"wp-image-12420\" srcset=\"http:\/\/wgphoto.pl\/t\/wp-content\/uploads\/2025\/02\/imgp8631-09.jpg 999w, http:\/\/wgphoto.pl\/t\/wp-content\/uploads\/2025\/02\/imgp8631-09-300x200.jpg 300w, http:\/\/wgphoto.pl\/t\/wp-content\/uploads\/2025\/02\/imgp8631-09-768x513.jpg 768w\" sizes=\"auto, (max-width: 999px) 100vw, 999px\" \/><\/figure>\n\n\n\n<div class=\"wp-block-group has-global-padding is-layout-constrained wp-block-group-is-layout-constrained\">\n<p>Lw\u00f3w, ul. Szewczenka. Znajoma nazwa ulicy brzmi imho dziwnie (po polsku by by\u0142o Szewczenki), ale skoro przyj\u0105\u0142em zasad\u0119, zapewne kulawego, transkrybowania nazw ulic to si\u0119 jej trzymam. Na linii 7 (na zdj. wagon KT4SU 1068) by\u0142o tego dnia zdecydowanie mniej brygad ni\u017c przewiduje przystankowy rozk\u0142ad jazdy, w zwi\u0105zku z czym nast\u0105pi\u0142a ma\u0142a kumulacja pasa\u017cer\u00f3w. 25.08.2009<\/p>\n<\/div>\n","protected":false},"excerpt":{"rendered":"<p>Lw\u00f3w, ul. Szewczenka. Znajoma nazwa ulicy brzmi imho dziwnie (po polsku by by\u0142o Szewczenki), ale skoro przyj\u0105\u0142em zasad\u0119, zapewne kulawego, transkrybowania nazw ulic to si\u0119 jej trzymam. Na linii 7 (na zdj. wagon KT4SU 1068) by\u0142o tego dnia zdecydowanie mniej brygad ni\u017c przewiduje przystankowy rozk\u0142ad jazdy, w zwi\u0105zku z czym nast\u0105pi\u0142a ma\u0142a kumulacja pasa\u017cer\u00f3w. 25.08.2009<\/p>\n","protected":false},"author":1,"featured_media":12420,"comment_status":"open","ping_status":"","sticky":false,"template":"","format":"standard","meta":{"footnotes":""},"categories":[169,3],"tags":[1445,151,974,33,453],"class_list":["post-12419","post","type-post","status-publish","format-standard","has-post-thumbnail","hentry","category-rok-2009","category-tramwaj","tag-2009-08-25","tag-ludzie","tag-lwow","tag-tatra-kt4","tag-ukraina"],"_links":{"self":[{"href":"http:\/\/wgphoto.pl\/t\/index.php?rest_route=\/wp\/v2\/posts\/12419","targetHints":{"allow":["GET"]}}],"collection":[{"href":"http:\/\/wgphoto.pl\/t\/index.php?rest_route=\/wp\/v2\/posts"}],"about":[{"href":"http:\/\/wgphoto.pl\/t\/index.php?rest_route=\/wp\/v2\/types\/post"}],"author":[{"embeddable":true,"href":"http:\/\/wgphoto.pl\/t\/index.php?rest_route=\/wp\/v2\/users\/1"}],"replies":[{"embeddable":true,"href":"http:\/\/wgphoto.pl\/t\/index.php?rest_route=%2Fwp%2Fv2%2Fcomments&post=12419"}],"version-history":[{"count":1,"href":"http:\/\/wgphoto.pl\/t\/index.php?rest_route=\/wp\/v2\/posts\/12419\/revisions"}],"predecessor-version":[{"id":12421,"href":"http:\/\/wgphoto.pl\/t\/index.php?rest_route=\/wp\/v2\/posts\/12419\/revisions\/12421"}],"wp:featuredmedia":[{"embeddable":true,"href":"http:\/\/wgphoto.pl\/t\/index.php?rest_route=\/wp\/v2\/media\/12420"}],"wp:attachment":[{"href":"http:\/\/wgphoto.pl\/t\/index.php?rest_route=%2Fwp%2Fv2%2Fmedia&parent=12419"}],"wp:term":[{"taxonomy":"category","embeddable":true,"href":"http:\/\/wgphoto.pl\/t\/index.php?rest_route=%2Fwp%2Fv2%2Fcategories&post=12419"},{"taxonomy":"post_tag","embeddable":true,"href":"http:\/\/wgphoto.pl\/t\/index.php?rest_route=%2Fwp%2Fv2%2Ftags&post=12419"}],"curies":[{"name":"wp","href":"https:\/\/api.w.org\/{rel}","templated":true}]}}