{"id":12422,"date":"2025-02-21T17:32:33","date_gmt":"2025-02-21T16:32:33","guid":{"rendered":"https:\/\/wgphoto.pl\/t\/?p=12422"},"modified":"2025-02-21T17:32:33","modified_gmt":"2025-02-21T16:32:33","slug":"scenka-rodzajowa","status":"publish","type":"post","link":"http:\/\/wgphoto.pl\/t\/?p=12422","title":{"rendered":"Scenka rodzajowa"},"content":{"rendered":"\n<figure class=\"wp-block-image aligncenter size-full\"><img loading=\"lazy\" decoding=\"async\" width=\"1000\" height=\"664\" src=\"https:\/\/wgphoto.pl\/t\/wp-content\/uploads\/2025\/02\/imgp8648.jpg\" alt=\"\" class=\"wp-image-12423\" srcset=\"http:\/\/wgphoto.pl\/t\/wp-content\/uploads\/2025\/02\/imgp8648.jpg 1000w, http:\/\/wgphoto.pl\/t\/wp-content\/uploads\/2025\/02\/imgp8648-300x199.jpg 300w, http:\/\/wgphoto.pl\/t\/wp-content\/uploads\/2025\/02\/imgp8648-768x510.jpg 768w\" sizes=\"auto, (max-width: 1000px) 100vw, 1000px\" \/><\/figure>\n\n\n\n<div class=\"wp-block-group has-global-padding is-layout-constrained wp-block-group-is-layout-constrained\">\n<p>Lw\u00f3w, ul. Promys\u0142owa. KT4SU 1098 po d\u0142u\u017cszej przerwie w kursach linii 6 podjecha\u0142 na przystanek, a moj\u0105 uwag\u0119 przyku\u0142a scenka rodzajowa rozgrywaj\u0105ca si\u0119 na trzech p\u0142aszczyznach: przy drzwiach tramwaju, przed warzywniakiem oraz na jego dachu. Swoj\u0105 drog\u0105 uliczna sprzeda\u017c arbuz\u00f3w z wielkich koszy dosy\u0107 mocno kojarzy mi si\u0119 z latem na Ukrainie. 25.08.2009<\/p>\n<\/div>\n","protected":false},"excerpt":{"rendered":"<p>Lw\u00f3w, ul. Promys\u0142owa. KT4SU 1098 po d\u0142u\u017cszej przerwie w kursach linii 6 podjecha\u0142 na przystanek, a moj\u0105 uwag\u0119 przyku\u0142a scenka rodzajowa rozgrywaj\u0105ca si\u0119 na trzech p\u0142aszczyznach: przy drzwiach tramwaju, przed warzywniakiem oraz na jego dachu. Swoj\u0105 drog\u0105 uliczna sprzeda\u017c arbuz\u00f3w z wielkich koszy dosy\u0107 mocno kojarzy mi si\u0119 z latem na Ukrainie. 25.08.2009<\/p>\n","protected":false},"author":1,"featured_media":12423,"comment_status":"open","ping_status":"","sticky":false,"template":"","format":"standard","meta":{"footnotes":""},"categories":[169,3],"tags":[1445,151,974,33,453],"class_list":["post-12422","post","type-post","status-publish","format-standard","has-post-thumbnail","hentry","category-rok-2009","category-tramwaj","tag-2009-08-25","tag-ludzie","tag-lwow","tag-tatra-kt4","tag-ukraina"],"_links":{"self":[{"href":"http:\/\/wgphoto.pl\/t\/index.php?rest_route=\/wp\/v2\/posts\/12422","targetHints":{"allow":["GET"]}}],"collection":[{"href":"http:\/\/wgphoto.pl\/t\/index.php?rest_route=\/wp\/v2\/posts"}],"about":[{"href":"http:\/\/wgphoto.pl\/t\/index.php?rest_route=\/wp\/v2\/types\/post"}],"author":[{"embeddable":true,"href":"http:\/\/wgphoto.pl\/t\/index.php?rest_route=\/wp\/v2\/users\/1"}],"replies":[{"embeddable":true,"href":"http:\/\/wgphoto.pl\/t\/index.php?rest_route=%2Fwp%2Fv2%2Fcomments&post=12422"}],"version-history":[{"count":1,"href":"http:\/\/wgphoto.pl\/t\/index.php?rest_route=\/wp\/v2\/posts\/12422\/revisions"}],"predecessor-version":[{"id":12424,"href":"http:\/\/wgphoto.pl\/t\/index.php?rest_route=\/wp\/v2\/posts\/12422\/revisions\/12424"}],"wp:featuredmedia":[{"embeddable":true,"href":"http:\/\/wgphoto.pl\/t\/index.php?rest_route=\/wp\/v2\/media\/12423"}],"wp:attachment":[{"href":"http:\/\/wgphoto.pl\/t\/index.php?rest_route=%2Fwp%2Fv2%2Fmedia&parent=12422"}],"wp:term":[{"taxonomy":"category","embeddable":true,"href":"http:\/\/wgphoto.pl\/t\/index.php?rest_route=%2Fwp%2Fv2%2Fcategories&post=12422"},{"taxonomy":"post_tag","embeddable":true,"href":"http:\/\/wgphoto.pl\/t\/index.php?rest_route=%2Fwp%2Fv2%2Ftags&post=12422"}],"curies":[{"name":"wp","href":"https:\/\/api.w.org\/{rel}","templated":true}]}}