{"id":12425,"date":"2025-02-21T17:35:57","date_gmt":"2025-02-21T16:35:57","guid":{"rendered":"https:\/\/wgphoto.pl\/t\/?p=12425"},"modified":"2025-02-21T17:35:57","modified_gmt":"2025-02-21T16:35:57","slug":"pod-slonce-3","status":"publish","type":"post","link":"http:\/\/wgphoto.pl\/t\/?p=12425","title":{"rendered":"Pod s\u0142o\u0144ce"},"content":{"rendered":"\n<figure class=\"wp-block-image aligncenter size-full\"><img loading=\"lazy\" decoding=\"async\" width=\"1200\" height=\"803\" src=\"https:\/\/wgphoto.pl\/t\/wp-content\/uploads\/2025\/02\/imgp8579-1.jpg\" alt=\"\" class=\"wp-image-12426\" srcset=\"http:\/\/wgphoto.pl\/t\/wp-content\/uploads\/2025\/02\/imgp8579-1.jpg 1200w, http:\/\/wgphoto.pl\/t\/wp-content\/uploads\/2025\/02\/imgp8579-1-300x201.jpg 300w, http:\/\/wgphoto.pl\/t\/wp-content\/uploads\/2025\/02\/imgp8579-1-768x514.jpg 768w\" sizes=\"auto, (max-width: 1200px) 100vw, 1200px\" \/><\/figure>\n\n\n\n<div class=\"wp-block-group has-global-padding is-layout-constrained wp-block-group-is-layout-constrained\">\n<p>Lw\u00f3w, ul. Gen. Tarasa Czuprynky. KT4SU 1135 wspina si\u0119 wyremontowan\u0105 ulic\u0105 w kierunku centrum miasta. We Lwowie nawet na trasach z r\u00f3wnym torem, wykonanym w technologii p\u0142yty w\u0119gierskiej, tramwaje telepi\u0105 si\u0119 powoli (niespokojny bieg po r\u00f3wnej szynie zrzuci\u0142bym wi\u0119c na fatalny stan obr\u0119czy k\u00f3\u0142). Kierowca jad\u0105cy za tramwajem nie m\u00f3g\u0142 najwyra\u017aniej wytrzyma\u0107 tego powolnego tempa i zabra\u0142 si\u0119 za wyprzedzanie. 2009-08-24<\/p>\n<\/div>\n","protected":false},"excerpt":{"rendered":"<p>Lw\u00f3w, ul. Gen. Tarasa Czuprynky. KT4SU 1135 wspina si\u0119 wyremontowan\u0105 ulic\u0105 w kierunku centrum miasta. We Lwowie nawet na trasach z r\u00f3wnym torem, wykonanym w technologii p\u0142yty w\u0119gierskiej, tramwaje telepi\u0105 si\u0119 powoli (niespokojny bieg po r\u00f3wnej szynie zrzuci\u0142bym wi\u0119c na fatalny stan obr\u0119czy k\u00f3\u0142). Kierowca jad\u0105cy za tramwajem nie m\u00f3g\u0142 najwyra\u017aniej wytrzyma\u0107 tego powolnego tempa [&hellip;]<\/p>\n","protected":false},"author":1,"featured_media":12426,"comment_status":"open","ping_status":"","sticky":false,"template":"","format":"standard","meta":{"footnotes":""},"categories":[169,3],"tags":[3212,974,118,181,33,453],"class_list":["post-12425","post","type-post","status-publish","format-standard","has-post-thumbnail","hentry","category-rok-2009","category-tramwaj","tag-2009-08-24","tag-lwow","tag-plany-i-profile","tag-slonce","tag-tatra-kt4","tag-ukraina"],"_links":{"self":[{"href":"http:\/\/wgphoto.pl\/t\/index.php?rest_route=\/wp\/v2\/posts\/12425","targetHints":{"allow":["GET"]}}],"collection":[{"href":"http:\/\/wgphoto.pl\/t\/index.php?rest_route=\/wp\/v2\/posts"}],"about":[{"href":"http:\/\/wgphoto.pl\/t\/index.php?rest_route=\/wp\/v2\/types\/post"}],"author":[{"embeddable":true,"href":"http:\/\/wgphoto.pl\/t\/index.php?rest_route=\/wp\/v2\/users\/1"}],"replies":[{"embeddable":true,"href":"http:\/\/wgphoto.pl\/t\/index.php?rest_route=%2Fwp%2Fv2%2Fcomments&post=12425"}],"version-history":[{"count":1,"href":"http:\/\/wgphoto.pl\/t\/index.php?rest_route=\/wp\/v2\/posts\/12425\/revisions"}],"predecessor-version":[{"id":12427,"href":"http:\/\/wgphoto.pl\/t\/index.php?rest_route=\/wp\/v2\/posts\/12425\/revisions\/12427"}],"wp:featuredmedia":[{"embeddable":true,"href":"http:\/\/wgphoto.pl\/t\/index.php?rest_route=\/wp\/v2\/media\/12426"}],"wp:attachment":[{"href":"http:\/\/wgphoto.pl\/t\/index.php?rest_route=%2Fwp%2Fv2%2Fmedia&parent=12425"}],"wp:term":[{"taxonomy":"category","embeddable":true,"href":"http:\/\/wgphoto.pl\/t\/index.php?rest_route=%2Fwp%2Fv2%2Fcategories&post=12425"},{"taxonomy":"post_tag","embeddable":true,"href":"http:\/\/wgphoto.pl\/t\/index.php?rest_route=%2Fwp%2Fv2%2Ftags&post=12425"}],"curies":[{"name":"wp","href":"https:\/\/api.w.org\/{rel}","templated":true}]}}