{"id":12437,"date":"2025-02-21T17:39:16","date_gmt":"2025-02-21T16:39:16","guid":{"rendered":"https:\/\/wgphoto.pl\/t\/?p=12437"},"modified":"2025-02-21T17:39:16","modified_gmt":"2025-02-21T16:39:16","slug":"kt4su-nr-1135","status":"publish","type":"post","link":"http:\/\/wgphoto.pl\/t\/?p=12437","title":{"rendered":"KT4SU nr 1135"},"content":{"rendered":"\n<figure class=\"wp-block-image aligncenter size-full\"><img loading=\"lazy\" decoding=\"async\" width=\"750\" height=\"1000\" src=\"https:\/\/wgphoto.pl\/t\/wp-content\/uploads\/2025\/02\/imgp8609.jpg\" alt=\"\" class=\"wp-image-12438\" srcset=\"http:\/\/wgphoto.pl\/t\/wp-content\/uploads\/2025\/02\/imgp8609.jpg 750w, http:\/\/wgphoto.pl\/t\/wp-content\/uploads\/2025\/02\/imgp8609-225x300.jpg 225w\" sizes=\"auto, (max-width: 750px) 100vw, 750px\" \/><\/figure>\n\n\n\n<div class=\"wp-block-group has-global-padding is-layout-constrained wp-block-group-is-layout-constrained\">\n<p>Lw\u00f3w, ul. \u0141yczakiwska. Tytu\u0142owy wagon wspina si\u0119 ku p\u0119tli przy ulicy Pasicznej. Dwie wie\u017ce widoczne w tle nale\u017c\u0105 do cerkwi pw. \u015bw. Micha\u0142a Archanio\u0142a. \u017b\u00f3\u0142te pojazdy na jezdni s\u0105 za\u015b niczym innym jak busiarstwem konkuruj\u0105cym z elektrotransportem. 2009-08-25<\/p>\n<\/div>\n","protected":false},"excerpt":{"rendered":"<p>Lw\u00f3w, ul. \u0141yczakiwska. Tytu\u0142owy wagon wspina si\u0119 ku p\u0119tli przy ulicy Pasicznej. Dwie wie\u017ce widoczne w tle nale\u017c\u0105 do cerkwi pw. \u015bw. Micha\u0142a Archanio\u0142a. \u017b\u00f3\u0142te pojazdy na jezdni s\u0105 za\u015b niczym innym jak busiarstwem konkuruj\u0105cym z elektrotransportem. 2009-08-25<\/p>\n","protected":false},"author":1,"featured_media":12438,"comment_status":"open","ping_status":"","sticky":false,"template":"","format":"standard","meta":{"footnotes":""},"categories":[128,169,3],"tags":[1445,113,974,118,33,453],"class_list":["post-12437","post","type-post","status-publish","format-standard","has-post-thumbnail","hentry","category-pionowe","category-rok-2009","category-tramwaj","tag-2009-08-25","tag-landszaft","tag-lwow","tag-plany-i-profile","tag-tatra-kt4","tag-ukraina"],"_links":{"self":[{"href":"http:\/\/wgphoto.pl\/t\/index.php?rest_route=\/wp\/v2\/posts\/12437","targetHints":{"allow":["GET"]}}],"collection":[{"href":"http:\/\/wgphoto.pl\/t\/index.php?rest_route=\/wp\/v2\/posts"}],"about":[{"href":"http:\/\/wgphoto.pl\/t\/index.php?rest_route=\/wp\/v2\/types\/post"}],"author":[{"embeddable":true,"href":"http:\/\/wgphoto.pl\/t\/index.php?rest_route=\/wp\/v2\/users\/1"}],"replies":[{"embeddable":true,"href":"http:\/\/wgphoto.pl\/t\/index.php?rest_route=%2Fwp%2Fv2%2Fcomments&post=12437"}],"version-history":[{"count":1,"href":"http:\/\/wgphoto.pl\/t\/index.php?rest_route=\/wp\/v2\/posts\/12437\/revisions"}],"predecessor-version":[{"id":12439,"href":"http:\/\/wgphoto.pl\/t\/index.php?rest_route=\/wp\/v2\/posts\/12437\/revisions\/12439"}],"wp:featuredmedia":[{"embeddable":true,"href":"http:\/\/wgphoto.pl\/t\/index.php?rest_route=\/wp\/v2\/media\/12438"}],"wp:attachment":[{"href":"http:\/\/wgphoto.pl\/t\/index.php?rest_route=%2Fwp%2Fv2%2Fmedia&parent=12437"}],"wp:term":[{"taxonomy":"category","embeddable":true,"href":"http:\/\/wgphoto.pl\/t\/index.php?rest_route=%2Fwp%2Fv2%2Fcategories&post=12437"},{"taxonomy":"post_tag","embeddable":true,"href":"http:\/\/wgphoto.pl\/t\/index.php?rest_route=%2Fwp%2Fv2%2Ftags&post=12437"}],"curies":[{"name":"wp","href":"https:\/\/api.w.org\/{rel}","templated":true}]}}