{"id":12492,"date":"2025-02-21T18:52:43","date_gmt":"2025-02-21T17:52:43","guid":{"rendered":"https:\/\/wgphoto.pl\/t\/?p=12492"},"modified":"2025-02-21T18:53:01","modified_gmt":"2025-02-21T17:53:01","slug":"kralovec-spod-wiaty","status":"publish","type":"post","link":"http:\/\/wgphoto.pl\/t\/?p=12492","title":{"rendered":"Kr\u00e1lovec spod wiaty"},"content":{"rendered":"\n<figure class=\"wp-block-image aligncenter size-full\"><img loading=\"lazy\" decoding=\"async\" width=\"1024\" height=\"659\" src=\"https:\/\/wgphoto.pl\/t\/wp-content\/uploads\/2025\/02\/0231-12.jpg\" alt=\"\" class=\"wp-image-12493\" srcset=\"http:\/\/wgphoto.pl\/t\/wp-content\/uploads\/2025\/02\/0231-12.jpg 1024w, http:\/\/wgphoto.pl\/t\/wp-content\/uploads\/2025\/02\/0231-12-300x193.jpg 300w, http:\/\/wgphoto.pl\/t\/wp-content\/uploads\/2025\/02\/0231-12-768x494.jpg 768w\" sizes=\"auto, (max-width: 1024px) 100vw, 1024px\" \/><\/figure>\n\n\n\n<div class=\"wp-block-group has-global-padding is-layout-constrained wp-block-group-is-layout-constrained\">\n<p>810 206-3 jako osobak 25406 relacji Trutnov hl.n. &#8211; \u017dacl\u00e9\u0159 zmieniwszy kierunek jazdy odje\u017cd\u017ca z Kr\u00e1lovca, b\u0119d\u0105cego w\u00f3wczas &#8222;kolejowym ko\u0144cem \u015bwiata&#8221; pod wzgl\u0119dem oferty w ruchu pasa\u017cerskim. Szkoda \u017ce na tak starym zdj\u0119ciu znalaz\u0142 si\u0119 pojazd o wygl\u0105dzie mo\u017cliwym do spotkania i dzi\u015b. Chocia\u017c numer taborowy m\u00f3g\u0142by by\u0107 napisany nieu\u017cywan\u0105 ju\u017c dzi\u015b czcionk\u0105\u2026 \ud83d\ude42 28.12.2002<\/p>\n<\/div>\n","protected":false},"excerpt":{"rendered":"<p>810 206-3 jako osobak 25406 relacji Trutnov hl.n. &#8211; \u017dacl\u00e9\u0159 zmieniwszy kierunek jazdy odje\u017cd\u017ca z Kr\u00e1lovca, b\u0119d\u0105cego w\u00f3wczas &#8222;kolejowym ko\u0144cem \u015bwiata&#8221; pod wzgl\u0119dem oferty w ruchu pasa\u017cerskim. Szkoda \u017ce na tak starym zdj\u0119ciu znalaz\u0142 si\u0119 pojazd o wygl\u0105dzie mo\u017cliwym do spotkania i dzi\u015b. Chocia\u017c numer taborowy m\u00f3g\u0142by by\u0107 napisany nieu\u017cywan\u0105 ju\u017c dzi\u015b czcionk\u0105\u2026 \ud83d\ude42 28.12.2002<\/p>\n","protected":false},"author":1,"featured_media":12493,"comment_status":"open","ping_status":"","sticky":false,"template":"","format":"standard","meta":{"footnotes":""},"categories":[62,2,577],"tags":[3226,92,50,49,173,3140,196,94,24,44,3141],"class_list":["post-12492","post","type-post","status-publish","format-standard","has-post-thumbnail","hentry","category-analog","category-kolej","category-rok-2002","tag-2002-12-28","tag-92","tag-cd","tag-czechy","tag-koncowki","tag-kralovec","tag-linie-raczej-lokalne","tag-na-kolejowym-koncu-swiata","tag-perony","tag-snieg","tag-tab-cz043"],"_links":{"self":[{"href":"http:\/\/wgphoto.pl\/t\/index.php?rest_route=\/wp\/v2\/posts\/12492","targetHints":{"allow":["GET"]}}],"collection":[{"href":"http:\/\/wgphoto.pl\/t\/index.php?rest_route=\/wp\/v2\/posts"}],"about":[{"href":"http:\/\/wgphoto.pl\/t\/index.php?rest_route=\/wp\/v2\/types\/post"}],"author":[{"embeddable":true,"href":"http:\/\/wgphoto.pl\/t\/index.php?rest_route=\/wp\/v2\/users\/1"}],"replies":[{"embeddable":true,"href":"http:\/\/wgphoto.pl\/t\/index.php?rest_route=%2Fwp%2Fv2%2Fcomments&post=12492"}],"version-history":[{"count":1,"href":"http:\/\/wgphoto.pl\/t\/index.php?rest_route=\/wp\/v2\/posts\/12492\/revisions"}],"predecessor-version":[{"id":12494,"href":"http:\/\/wgphoto.pl\/t\/index.php?rest_route=\/wp\/v2\/posts\/12492\/revisions\/12494"}],"wp:featuredmedia":[{"embeddable":true,"href":"http:\/\/wgphoto.pl\/t\/index.php?rest_route=\/wp\/v2\/media\/12493"}],"wp:attachment":[{"href":"http:\/\/wgphoto.pl\/t\/index.php?rest_route=%2Fwp%2Fv2%2Fmedia&parent=12492"}],"wp:term":[{"taxonomy":"category","embeddable":true,"href":"http:\/\/wgphoto.pl\/t\/index.php?rest_route=%2Fwp%2Fv2%2Fcategories&post=12492"},{"taxonomy":"post_tag","embeddable":true,"href":"http:\/\/wgphoto.pl\/t\/index.php?rest_route=%2Fwp%2Fv2%2Ftags&post=12492"}],"curies":[{"name":"wp","href":"https:\/\/api.w.org\/{rel}","templated":true}]}}