{"id":12513,"date":"2025-02-22T10:45:38","date_gmt":"2025-02-22T09:45:38","guid":{"rendered":"https:\/\/wgphoto.pl\/t\/?p=12513"},"modified":"2025-02-22T10:45:38","modified_gmt":"2025-02-22T09:45:38","slug":"sm42-307-kamienna-gora","status":"publish","type":"post","link":"http:\/\/wgphoto.pl\/t\/?p=12513","title":{"rendered":"SM42-307, Kamienna G\u00f3ra"},"content":{"rendered":"\n<figure class=\"wp-block-image aligncenter size-full\"><img loading=\"lazy\" decoding=\"async\" width=\"1100\" height=\"700\" src=\"https:\/\/wgphoto.pl\/t\/wp-content\/uploads\/2025\/02\/0231-04.jpg\" alt=\"\" class=\"wp-image-12514\" srcset=\"http:\/\/wgphoto.pl\/t\/wp-content\/uploads\/2025\/02\/0231-04.jpg 1100w, http:\/\/wgphoto.pl\/t\/wp-content\/uploads\/2025\/02\/0231-04-300x191.jpg 300w, http:\/\/wgphoto.pl\/t\/wp-content\/uploads\/2025\/02\/0231-04-768x489.jpg 768w\" sizes=\"auto, (max-width: 1100px) 100vw, 1100px\" \/><\/figure>\n\n\n\n<div class=\"wp-block-group has-global-padding is-layout-constrained wp-block-group-is-layout-constrained\">\n<p>Poci\u0105g zdawczy z Wa\u0142brzycha G\u0142\u00f3wnego zatrzyma\u0142 si\u0119 przy peronie drugim w Kamiennej G\u00f3rze. Dzi\u015b jest tutaj ca\u0142kiem podobnie &#8211; znikn\u0119\u0142y jedynie \u0142awki oraz zmieni\u0142 si\u0119 model auta parkuj\u0105cego pod wiat\u0105. Do kompletu by\u0142o foto z budynkiem, ale skan z p\u0142yty wyparowa\u0142. 27.12.2002<\/p>\n<\/div>\n","protected":false},"excerpt":{"rendered":"<p>Poci\u0105g zdawczy z Wa\u0142brzycha G\u0142\u00f3wnego zatrzyma\u0142 si\u0119 przy peronie drugim w Kamiennej G\u00f3rze. Dzi\u015b jest tutaj ca\u0142kiem podobnie &#8211; znikn\u0119\u0142y jedynie \u0142awki oraz zmieni\u0142 si\u0119 model auta parkuj\u0105cego pod wiat\u0105. Do kompletu by\u0142o foto z budynkiem, ale skan z p\u0142yty wyparowa\u0142. 27.12.2002<\/p>\n","protected":false},"author":1,"featured_media":12514,"comment_status":"open","ping_status":"","sticky":false,"template":"","format":"standard","meta":{"footnotes":""},"categories":[62,2,577],"tags":[2599,629,24,63,27,473,44,627],"class_list":["post-12513","post","type-post","status-publish","format-standard","has-post-thumbnail","hentry","category-analog","category-kolej","category-rok-2002","tag-2002-12-27","tag-kamienna-gora","tag-perony","tag-pkp","tag-polska","tag-sm42","tag-snieg","tag-tab-pl247"],"_links":{"self":[{"href":"http:\/\/wgphoto.pl\/t\/index.php?rest_route=\/wp\/v2\/posts\/12513","targetHints":{"allow":["GET"]}}],"collection":[{"href":"http:\/\/wgphoto.pl\/t\/index.php?rest_route=\/wp\/v2\/posts"}],"about":[{"href":"http:\/\/wgphoto.pl\/t\/index.php?rest_route=\/wp\/v2\/types\/post"}],"author":[{"embeddable":true,"href":"http:\/\/wgphoto.pl\/t\/index.php?rest_route=\/wp\/v2\/users\/1"}],"replies":[{"embeddable":true,"href":"http:\/\/wgphoto.pl\/t\/index.php?rest_route=%2Fwp%2Fv2%2Fcomments&post=12513"}],"version-history":[{"count":1,"href":"http:\/\/wgphoto.pl\/t\/index.php?rest_route=\/wp\/v2\/posts\/12513\/revisions"}],"predecessor-version":[{"id":12515,"href":"http:\/\/wgphoto.pl\/t\/index.php?rest_route=\/wp\/v2\/posts\/12513\/revisions\/12515"}],"wp:featuredmedia":[{"embeddable":true,"href":"http:\/\/wgphoto.pl\/t\/index.php?rest_route=\/wp\/v2\/media\/12514"}],"wp:attachment":[{"href":"http:\/\/wgphoto.pl\/t\/index.php?rest_route=%2Fwp%2Fv2%2Fmedia&parent=12513"}],"wp:term":[{"taxonomy":"category","embeddable":true,"href":"http:\/\/wgphoto.pl\/t\/index.php?rest_route=%2Fwp%2Fv2%2Fcategories&post=12513"},{"taxonomy":"post_tag","embeddable":true,"href":"http:\/\/wgphoto.pl\/t\/index.php?rest_route=%2Fwp%2Fv2%2Ftags&post=12513"}],"curies":[{"name":"wp","href":"https:\/\/api.w.org\/{rel}","templated":true}]}}