{"id":12516,"date":"2025-02-22T10:46:54","date_gmt":"2025-02-22T09:46:54","guid":{"rendered":"https:\/\/wgphoto.pl\/t\/?p=12516"},"modified":"2025-02-22T10:46:54","modified_gmt":"2025-02-22T09:46:54","slug":"kruzyn-1","status":"publish","type":"post","link":"http:\/\/wgphoto.pl\/t\/?p=12516","title":{"rendered":"Kru\u017cyn (1)"},"content":{"rendered":"\n<figure class=\"wp-block-image aligncenter size-full\"><img loading=\"lazy\" decoding=\"async\" width=\"1100\" height=\"700\" src=\"https:\/\/wgphoto.pl\/t\/wp-content\/uploads\/2025\/02\/0231-07.jpg\" alt=\"\" class=\"wp-image-12517\" srcset=\"http:\/\/wgphoto.pl\/t\/wp-content\/uploads\/2025\/02\/0231-07.jpg 1100w, http:\/\/wgphoto.pl\/t\/wp-content\/uploads\/2025\/02\/0231-07-300x191.jpg 300w, http:\/\/wgphoto.pl\/t\/wp-content\/uploads\/2025\/02\/0231-07-768x489.jpg 768w\" sizes=\"auto, (max-width: 1100px) 100vw, 1100px\" \/><\/figure>\n\n\n\n<div class=\"wp-block-group has-global-padding is-layout-constrained wp-block-group-is-layout-constrained\">\n<p>SP32-149 z poci\u0105giem osobowym 7722 z Wa\u0142brzycha G\u0142. do Lubawki mija dawny Podg Kru\u017cyn, gdzie odga\u0142\u0119zia\u0142a si\u0119 \u0142\u0105cznica do Marciszowa G\u00f3rnego, umo\u017cliwiaj\u0105ca jazd\u0119 bez zmiany czo\u0142a w kierunku Jeleniej G\u00f3ry. 27.12.2002<\/p>\n<\/div>\n","protected":false},"excerpt":{"rendered":"<p>SP32-149 z poci\u0105giem osobowym 7722 z Wa\u0142brzycha G\u0142. do Lubawki mija dawny Podg Kru\u017cyn, gdzie odga\u0142\u0119zia\u0142a si\u0119 \u0142\u0105cznica do Marciszowa G\u00f3rnego, umo\u017cliwiaj\u0105ca jazd\u0119 bez zmiany czo\u0142a w kierunku Jeleniej G\u00f3ry. 27.12.2002<\/p>\n","protected":false},"author":1,"featured_media":12517,"comment_status":"open","ping_status":"","sticky":false,"template":"","format":"standard","meta":{"footnotes":""},"categories":[62,2,577],"tags":[2599,629,63,27,1061,44,385,627],"class_list":["post-12516","post","type-post","status-publish","format-standard","has-post-thumbnail","hentry","category-analog","category-kolej","category-rok-2002","tag-2002-12-27","tag-kamienna-gora","tag-pkp","tag-polska","tag-sedzislaw","tag-snieg","tag-sp32","tag-tab-pl247"],"_links":{"self":[{"href":"http:\/\/wgphoto.pl\/t\/index.php?rest_route=\/wp\/v2\/posts\/12516","targetHints":{"allow":["GET"]}}],"collection":[{"href":"http:\/\/wgphoto.pl\/t\/index.php?rest_route=\/wp\/v2\/posts"}],"about":[{"href":"http:\/\/wgphoto.pl\/t\/index.php?rest_route=\/wp\/v2\/types\/post"}],"author":[{"embeddable":true,"href":"http:\/\/wgphoto.pl\/t\/index.php?rest_route=\/wp\/v2\/users\/1"}],"replies":[{"embeddable":true,"href":"http:\/\/wgphoto.pl\/t\/index.php?rest_route=%2Fwp%2Fv2%2Fcomments&post=12516"}],"version-history":[{"count":1,"href":"http:\/\/wgphoto.pl\/t\/index.php?rest_route=\/wp\/v2\/posts\/12516\/revisions"}],"predecessor-version":[{"id":12518,"href":"http:\/\/wgphoto.pl\/t\/index.php?rest_route=\/wp\/v2\/posts\/12516\/revisions\/12518"}],"wp:featuredmedia":[{"embeddable":true,"href":"http:\/\/wgphoto.pl\/t\/index.php?rest_route=\/wp\/v2\/media\/12517"}],"wp:attachment":[{"href":"http:\/\/wgphoto.pl\/t\/index.php?rest_route=%2Fwp%2Fv2%2Fmedia&parent=12516"}],"wp:term":[{"taxonomy":"category","embeddable":true,"href":"http:\/\/wgphoto.pl\/t\/index.php?rest_route=%2Fwp%2Fv2%2Fcategories&post=12516"},{"taxonomy":"post_tag","embeddable":true,"href":"http:\/\/wgphoto.pl\/t\/index.php?rest_route=%2Fwp%2Fv2%2Ftags&post=12516"}],"curies":[{"name":"wp","href":"https:\/\/api.w.org\/{rel}","templated":true}]}}