{"id":12528,"date":"2025-02-22T11:16:09","date_gmt":"2025-02-22T10:16:09","guid":{"rendered":"https:\/\/wgphoto.pl\/t\/?p=12528"},"modified":"2025-02-22T11:16:09","modified_gmt":"2025-02-22T10:16:09","slug":"19t-nr-3127-pilczyce","status":"publish","type":"post","link":"http:\/\/wgphoto.pl\/t\/?p=12528","title":{"rendered":"19T nr 3127, Pilczyce"},"content":{"rendered":"\n<figure class=\"wp-block-image aligncenter size-full\"><img loading=\"lazy\" decoding=\"async\" width=\"1200\" height=\"803\" src=\"https:\/\/wgphoto.pl\/t\/wp-content\/uploads\/2025\/02\/imgp9064-1.jpg\" alt=\"\" class=\"wp-image-12529\" srcset=\"http:\/\/wgphoto.pl\/t\/wp-content\/uploads\/2025\/02\/imgp9064-1.jpg 1200w, http:\/\/wgphoto.pl\/t\/wp-content\/uploads\/2025\/02\/imgp9064-1-300x201.jpg 300w, http:\/\/wgphoto.pl\/t\/wp-content\/uploads\/2025\/02\/imgp9064-1-768x514.jpg 768w\" sizes=\"auto, (max-width: 1200px) 100vw, 1200px\" \/><\/figure>\n\n\n\n<div class=\"wp-block-group has-global-padding is-layout-constrained wp-block-group-is-layout-constrained\">\n<p>Gdyby nie ta niespodzianka na niebie, by\u0142by to nudny dzie\u0144 jak co dzie\u0144 na linii 33PLUS. 13.07.2012<\/p>\n<\/div>\n","protected":false},"excerpt":{"rendered":"<p>Gdyby nie ta niespodzianka na niebie, by\u0142by to nudny dzie\u0144 jak co dzie\u0144 na linii 33PLUS. 13.07.2012<\/p>\n","protected":false},"author":1,"featured_media":12529,"comment_status":"open","ping_status":"","sticky":false,"template":"","format":"standard","meta":{"footnotes":""},"categories":[46,3],"tags":[3229,42,27,438,1493,216,548,439,41],"class_list":["post-12528","post","type-post","status-publish","format-standard","has-post-thumbnail","hentry","category-rok-2012","category-tramwaj","tag-2012-07-13","tag-mpk-wroclaw","tag-polska","tag-portret-z-petli","tag-skoda-19t","tag-skoda-elektra","tag-tecza","tag-we-fabryce","tag-wroclaw"],"_links":{"self":[{"href":"http:\/\/wgphoto.pl\/t\/index.php?rest_route=\/wp\/v2\/posts\/12528","targetHints":{"allow":["GET"]}}],"collection":[{"href":"http:\/\/wgphoto.pl\/t\/index.php?rest_route=\/wp\/v2\/posts"}],"about":[{"href":"http:\/\/wgphoto.pl\/t\/index.php?rest_route=\/wp\/v2\/types\/post"}],"author":[{"embeddable":true,"href":"http:\/\/wgphoto.pl\/t\/index.php?rest_route=\/wp\/v2\/users\/1"}],"replies":[{"embeddable":true,"href":"http:\/\/wgphoto.pl\/t\/index.php?rest_route=%2Fwp%2Fv2%2Fcomments&post=12528"}],"version-history":[{"count":1,"href":"http:\/\/wgphoto.pl\/t\/index.php?rest_route=\/wp\/v2\/posts\/12528\/revisions"}],"predecessor-version":[{"id":12530,"href":"http:\/\/wgphoto.pl\/t\/index.php?rest_route=\/wp\/v2\/posts\/12528\/revisions\/12530"}],"wp:featuredmedia":[{"embeddable":true,"href":"http:\/\/wgphoto.pl\/t\/index.php?rest_route=\/wp\/v2\/media\/12529"}],"wp:attachment":[{"href":"http:\/\/wgphoto.pl\/t\/index.php?rest_route=%2Fwp%2Fv2%2Fmedia&parent=12528"}],"wp:term":[{"taxonomy":"category","embeddable":true,"href":"http:\/\/wgphoto.pl\/t\/index.php?rest_route=%2Fwp%2Fv2%2Fcategories&post=12528"},{"taxonomy":"post_tag","embeddable":true,"href":"http:\/\/wgphoto.pl\/t\/index.php?rest_route=%2Fwp%2Fv2%2Ftags&post=12528"}],"curies":[{"name":"wp","href":"https:\/\/api.w.org\/{rel}","templated":true}]}}