{"id":12545,"date":"2025-02-22T11:30:49","date_gmt":"2025-02-22T10:30:49","guid":{"rendered":"https:\/\/wgphoto.pl\/t\/?p=12545"},"modified":"2025-02-22T11:30:49","modified_gmt":"2025-02-22T10:30:49","slug":"wiejski-tramwaj-ii","status":"publish","type":"post","link":"http:\/\/wgphoto.pl\/t\/?p=12545","title":{"rendered":"Wiejski tramwaj II"},"content":{"rendered":"\n<figure class=\"wp-block-image aligncenter size-full\"><img loading=\"lazy\" decoding=\"async\" width=\"1000\" height=\"667\" src=\"https:\/\/wgphoto.pl\/t\/wp-content\/uploads\/2025\/02\/imgp1209.jpg\" alt=\"\" class=\"wp-image-12546\" srcset=\"http:\/\/wgphoto.pl\/t\/wp-content\/uploads\/2025\/02\/imgp1209.jpg 1000w, http:\/\/wgphoto.pl\/t\/wp-content\/uploads\/2025\/02\/imgp1209-300x200.jpg 300w, http:\/\/wgphoto.pl\/t\/wp-content\/uploads\/2025\/02\/imgp1209-768x512.jpg 768w\" sizes=\"auto, (max-width: 1000px) 100vw, 1000px\" \/><\/figure>\n\n\n\n<div class=\"wp-block-group has-global-padding is-layout-constrained wp-block-group-is-layout-constrained\">\n<p>Jablonec nad Nisou, ul. Za \u0158\u00ed\u010dkou. Sk\u0142ad T3m 62+58 zbli\u017ca si\u0119 do mijanki o zupe\u0142nie zaskakuj\u0105cej nazwie Prose\u010d nad Nisou v\u00fdhybna (czes. v\u00fdhybna = pol. mijanka). 28.12.2009<\/p>\n<\/div>\n","protected":false},"excerpt":{"rendered":"<p>Jablonec nad Nisou, ul. Za \u0158\u00ed\u010dkou. Sk\u0142ad T3m 62+58 zbli\u017ca si\u0119 do mijanki o zupe\u0142nie zaskakuj\u0105cej nazwie Prose\u010d nad Nisou v\u00fdhybna (czes. v\u00fdhybna = pol. mijanka). 28.12.2009<\/p>\n","protected":false},"author":1,"featured_media":12546,"comment_status":"open","ping_status":"","sticky":false,"template":"","format":"standard","meta":{"footnotes":""},"categories":[169,3],"tags":[874,49,875,876,44,1011,561],"class_list":["post-12545","post","type-post","status-publish","format-standard","has-post-thumbnail","hentry","category-rok-2009","category-tramwaj","tag-2009-12-28","tag-czechy","tag-dpmlj-liberec","tag-jablonec-nad-nisou","tag-snieg","tag-tatra-t3","tag-tramwaj-podmiejski"],"_links":{"self":[{"href":"http:\/\/wgphoto.pl\/t\/index.php?rest_route=\/wp\/v2\/posts\/12545","targetHints":{"allow":["GET"]}}],"collection":[{"href":"http:\/\/wgphoto.pl\/t\/index.php?rest_route=\/wp\/v2\/posts"}],"about":[{"href":"http:\/\/wgphoto.pl\/t\/index.php?rest_route=\/wp\/v2\/types\/post"}],"author":[{"embeddable":true,"href":"http:\/\/wgphoto.pl\/t\/index.php?rest_route=\/wp\/v2\/users\/1"}],"replies":[{"embeddable":true,"href":"http:\/\/wgphoto.pl\/t\/index.php?rest_route=%2Fwp%2Fv2%2Fcomments&post=12545"}],"version-history":[{"count":1,"href":"http:\/\/wgphoto.pl\/t\/index.php?rest_route=\/wp\/v2\/posts\/12545\/revisions"}],"predecessor-version":[{"id":12547,"href":"http:\/\/wgphoto.pl\/t\/index.php?rest_route=\/wp\/v2\/posts\/12545\/revisions\/12547"}],"wp:featuredmedia":[{"embeddable":true,"href":"http:\/\/wgphoto.pl\/t\/index.php?rest_route=\/wp\/v2\/media\/12546"}],"wp:attachment":[{"href":"http:\/\/wgphoto.pl\/t\/index.php?rest_route=%2Fwp%2Fv2%2Fmedia&parent=12545"}],"wp:term":[{"taxonomy":"category","embeddable":true,"href":"http:\/\/wgphoto.pl\/t\/index.php?rest_route=%2Fwp%2Fv2%2Fcategories&post=12545"},{"taxonomy":"post_tag","embeddable":true,"href":"http:\/\/wgphoto.pl\/t\/index.php?rest_route=%2Fwp%2Fv2%2Ftags&post=12545"}],"curies":[{"name":"wp","href":"https:\/\/api.w.org\/{rel}","templated":true}]}}