{"id":12554,"date":"2025-02-22T12:08:10","date_gmt":"2025-02-22T11:08:10","guid":{"rendered":"https:\/\/wgphoto.pl\/t\/?p=12554"},"modified":"2025-02-22T12:08:10","modified_gmt":"2025-02-22T11:08:10","slug":"tramwaj-w-krzakach","status":"publish","type":"post","link":"http:\/\/wgphoto.pl\/t\/?p=12554","title":{"rendered":"Tramwaj w krzakach"},"content":{"rendered":"\n<figure class=\"wp-block-image aligncenter size-full\"><img loading=\"lazy\" decoding=\"async\" width=\"1000\" height=\"665\" src=\"https:\/\/wgphoto.pl\/t\/wp-content\/uploads\/2025\/02\/imgp5402.jpg\" alt=\"\" class=\"wp-image-12555\" srcset=\"http:\/\/wgphoto.pl\/t\/wp-content\/uploads\/2025\/02\/imgp5402.jpg 1000w, http:\/\/wgphoto.pl\/t\/wp-content\/uploads\/2025\/02\/imgp5402-300x200.jpg 300w, http:\/\/wgphoto.pl\/t\/wp-content\/uploads\/2025\/02\/imgp5402-768x511.jpg 768w\" sizes=\"auto, (max-width: 1000px) 100vw, 1000px\" \/><\/figure>\n\n\n\n<div class=\"wp-block-group has-global-padding is-layout-constrained wp-block-group-is-layout-constrained\">\n<p>KTM-5 442, obs\u0142uguj\u0105cy lini\u0119 1, schowa\u0142 si\u0119 w cieniu na p\u0119tli Piwzawod w Krzywym Rogu. Por\u0119 odjazdu wyznaczy nie rozk\u0142ad jazdy, lecz koniec pogaw\u0119dki motorniczej z konduktork\u0105. 2010-08-04<\/p>\n<\/div>\n","protected":false},"excerpt":{"rendered":"<p>KTM-5 442, obs\u0142uguj\u0105cy lini\u0119 1, schowa\u0142 si\u0119 w cieniu na p\u0119tli Piwzawod w Krzywym Rogu. Por\u0119 odjazdu wyznaczy nie rozk\u0142ad jazdy, lecz koniec pogaw\u0119dki motorniczej z konduktork\u0105. 2010-08-04<\/p>\n","protected":false},"author":1,"featured_media":12555,"comment_status":"open","ping_status":"","sticky":false,"template":"","format":"standard","meta":{"footnotes":""},"categories":[86,3],"tags":[2069,2070,617,453],"class_list":["post-12554","post","type-post","status-publish","format-standard","has-post-thumbnail","hentry","category-rok-2010","category-tramwaj","tag-2010-08-04","tag-krzywy-rog","tag-ktm-5","tag-ukraina"],"_links":{"self":[{"href":"http:\/\/wgphoto.pl\/t\/index.php?rest_route=\/wp\/v2\/posts\/12554","targetHints":{"allow":["GET"]}}],"collection":[{"href":"http:\/\/wgphoto.pl\/t\/index.php?rest_route=\/wp\/v2\/posts"}],"about":[{"href":"http:\/\/wgphoto.pl\/t\/index.php?rest_route=\/wp\/v2\/types\/post"}],"author":[{"embeddable":true,"href":"http:\/\/wgphoto.pl\/t\/index.php?rest_route=\/wp\/v2\/users\/1"}],"replies":[{"embeddable":true,"href":"http:\/\/wgphoto.pl\/t\/index.php?rest_route=%2Fwp%2Fv2%2Fcomments&post=12554"}],"version-history":[{"count":1,"href":"http:\/\/wgphoto.pl\/t\/index.php?rest_route=\/wp\/v2\/posts\/12554\/revisions"}],"predecessor-version":[{"id":12556,"href":"http:\/\/wgphoto.pl\/t\/index.php?rest_route=\/wp\/v2\/posts\/12554\/revisions\/12556"}],"wp:featuredmedia":[{"embeddable":true,"href":"http:\/\/wgphoto.pl\/t\/index.php?rest_route=\/wp\/v2\/media\/12555"}],"wp:attachment":[{"href":"http:\/\/wgphoto.pl\/t\/index.php?rest_route=%2Fwp%2Fv2%2Fmedia&parent=12554"}],"wp:term":[{"taxonomy":"category","embeddable":true,"href":"http:\/\/wgphoto.pl\/t\/index.php?rest_route=%2Fwp%2Fv2%2Fcategories&post=12554"},{"taxonomy":"post_tag","embeddable":true,"href":"http:\/\/wgphoto.pl\/t\/index.php?rest_route=%2Fwp%2Fv2%2Ftags&post=12554"}],"curies":[{"name":"wp","href":"https:\/\/api.w.org\/{rel}","templated":true}]}}