{"id":12563,"date":"2025-02-22T12:10:47","date_gmt":"2025-02-22T11:10:47","guid":{"rendered":"https:\/\/wgphoto.pl\/t\/?p=12563"},"modified":"2025-02-22T12:10:47","modified_gmt":"2025-02-22T11:10:47","slug":"plechac-o-poranku","status":"publish","type":"post","link":"http:\/\/wgphoto.pl\/t\/?p=12563","title":{"rendered":"Plech\u00e1\u010d o poranku"},"content":{"rendered":"\n<figure class=\"wp-block-image aligncenter size-full\"><img loading=\"lazy\" decoding=\"async\" width=\"1200\" height=\"747\" src=\"https:\/\/wgphoto.pl\/t\/wp-content\/uploads\/2025\/02\/imgp0309.jpg\" alt=\"\" class=\"wp-image-12564\" srcset=\"http:\/\/wgphoto.pl\/t\/wp-content\/uploads\/2025\/02\/imgp0309.jpg 1200w, http:\/\/wgphoto.pl\/t\/wp-content\/uploads\/2025\/02\/imgp0309-300x187.jpg 300w, http:\/\/wgphoto.pl\/t\/wp-content\/uploads\/2025\/02\/imgp0309-768x478.jpg 768w\" sizes=\"auto, (max-width: 1200px) 100vw, 1200px\" \/><\/figure>\n\n\n\n<div class=\"wp-block-group has-global-padding is-layout-constrained wp-block-group-is-layout-constrained\">\n<p>Plze\u0148 hlavn\u00ed n\u00e1dra\u017e\u00ed. B\u0142yszcz\u0105ca \u015bwie\u017cym malowaniem maszyna 242 269-9 za par\u0119 minut odjedzie z poci\u0105giem pospiesznym 667 &#8222;Petr Vok&#8221; do Brna. Widoczna obok lokomotywa serii 363 pojedzie z osobowym do Berouna. 14.04.2011<\/p>\n<\/div>\n","protected":false},"excerpt":{"rendered":"<p>Plze\u0148 hlavn\u00ed n\u00e1dra\u017e\u00ed. B\u0142yszcz\u0105ca \u015bwie\u017cym malowaniem maszyna 242 269-9 za par\u0119 minut odjedzie z poci\u0105giem pospiesznym 667 &#8222;Petr Vok&#8221; do Brna. Widoczna obok lokomotywa serii 363 pojedzie z osobowym do Berouna. 14.04.2011<\/p>\n","protected":false},"author":1,"featured_media":12564,"comment_status":"open","ping_status":"","sticky":false,"template":"","format":"standard","meta":{"footnotes":""},"categories":[2,77],"tags":[456,305,91,50,49,24,1675,1745,176,716],"class_list":["post-12563","post","type-post","status-publish","format-standard","has-post-thumbnail","hentry","category-kolej","category-rok-2011","tag-2011-04-14","tag-305","tag-blue-hour","tag-cd","tag-czechy","tag-perony","tag-pilzno","tag-plzen-hlavni-nadrazi","tag-rano","tag-tab-cz190"],"_links":{"self":[{"href":"http:\/\/wgphoto.pl\/t\/index.php?rest_route=\/wp\/v2\/posts\/12563","targetHints":{"allow":["GET"]}}],"collection":[{"href":"http:\/\/wgphoto.pl\/t\/index.php?rest_route=\/wp\/v2\/posts"}],"about":[{"href":"http:\/\/wgphoto.pl\/t\/index.php?rest_route=\/wp\/v2\/types\/post"}],"author":[{"embeddable":true,"href":"http:\/\/wgphoto.pl\/t\/index.php?rest_route=\/wp\/v2\/users\/1"}],"replies":[{"embeddable":true,"href":"http:\/\/wgphoto.pl\/t\/index.php?rest_route=%2Fwp%2Fv2%2Fcomments&post=12563"}],"version-history":[{"count":1,"href":"http:\/\/wgphoto.pl\/t\/index.php?rest_route=\/wp\/v2\/posts\/12563\/revisions"}],"predecessor-version":[{"id":12565,"href":"http:\/\/wgphoto.pl\/t\/index.php?rest_route=\/wp\/v2\/posts\/12563\/revisions\/12565"}],"wp:featuredmedia":[{"embeddable":true,"href":"http:\/\/wgphoto.pl\/t\/index.php?rest_route=\/wp\/v2\/media\/12564"}],"wp:attachment":[{"href":"http:\/\/wgphoto.pl\/t\/index.php?rest_route=%2Fwp%2Fv2%2Fmedia&parent=12563"}],"wp:term":[{"taxonomy":"category","embeddable":true,"href":"http:\/\/wgphoto.pl\/t\/index.php?rest_route=%2Fwp%2Fv2%2Fcategories&post=12563"},{"taxonomy":"post_tag","embeddable":true,"href":"http:\/\/wgphoto.pl\/t\/index.php?rest_route=%2Fwp%2Fv2%2Ftags&post=12563"}],"curies":[{"name":"wp","href":"https:\/\/api.w.org\/{rel}","templated":true}]}}