{"id":12569,"date":"2025-02-22T12:12:52","date_gmt":"2025-02-22T11:12:52","guid":{"rendered":"https:\/\/wgphoto.pl\/t\/?p=12569"},"modified":"2026-04-13T19:07:58","modified_gmt":"2026-04-13T17:07:58","slug":"havlickuv-klasyk","status":"publish","type":"post","link":"http:\/\/wgphoto.pl\/t\/?p=12569","title":{"rendered":"Havl\u00ed\u010dk\u016fv klasyk"},"content":{"rendered":"\n<figure class=\"wp-block-image aligncenter size-full\"><img loading=\"lazy\" decoding=\"async\" width=\"1024\" height=\"683\" src=\"https:\/\/wgphoto.pl\/t\/wp-content\/uploads\/2025\/02\/imgp8720.jpg\" alt=\"\" class=\"wp-image-12570\" srcset=\"http:\/\/wgphoto.pl\/t\/wp-content\/uploads\/2025\/02\/imgp8720.jpg 1024w, http:\/\/wgphoto.pl\/t\/wp-content\/uploads\/2025\/02\/imgp8720-300x200.jpg 300w, http:\/\/wgphoto.pl\/t\/wp-content\/uploads\/2025\/02\/imgp8720-768x512.jpg 768w\" sizes=\"auto, (max-width: 1024px) 100vw, 1024px\" \/><\/figure>\n\n\n\n<div class=\"wp-block-group has-global-padding is-layout-constrained wp-block-group-is-layout-constrained\">\n<p>Odcinek Hl\u00edzov &#8211; Kutn\u00e1 Hora hl.n. Dwusystemowa maszyna 363 169-4 z poc. osob. 5907 rel. Kol\u00edn &#8211; Havl\u00ed\u010dk\u016fv Brod ci\u0105gnie w tej chwili pr\u0105d = 3 kV; zmiana system\u00f3w zasilania nast\u0119puje dok\u0142adnie w peronach stacji w Kutnej Horze. Obs\u0142uga trakcyjna granicznych odcink\u00f3w obojga system\u00f3w zasilania sieci trakcyjnej z uwagi na deficyt lokomotyw dwusystemowych jest dosy\u0107 k\u0142opotliwa. O ile poci\u0105gi dalekobie\u017cne (pospieszne oraz kwalifikowane) s\u0105 na og\u00f3\u0142 obs\u0142ugiwane przez Asy (czes. Eso) w pe\u0142nej relacji, o tyle osobowe s\u0105 zazwyczaj dzielone na kr\u00f3tkie relacje tak, by do obs\u0142ugi odcinka stycznego wystarczy\u0142 jeden obieg, a wi\u0119c tylko jedna cenna maszyna dwusystemowa. Czasem mniej frekwencyjne kursy obs\u0142ugiwane s\u0105 motorakami, w ostateczno\u015bci do akcji wkracza trakcja spalinowa, planowo zaprz\u0119gana do pojedynczych poci\u0105g\u00f3w jad\u0105cych pod drutem. Licz\u0105ca 74 km relacja Kol\u00edn &#8211; Havl\u00ed\u010dk\u016fv Brod jest jedn\u0105 z d\u0142u\u017cszych osobowych, prowadzonych lokomotywami serii 363. 2012-06-20<\/p>\n<\/div>\n","protected":false},"excerpt":{"rendered":"<p>Odcinek Hl\u00edzov &#8211; Kutn\u00e1 Hora hl.n. Dwusystemowa maszyna 363 169-4 z poc. osob. 5907 rel. Kol\u00edn &#8211; Havl\u00ed\u010dk\u016fv Brod ci\u0105gnie w tej chwili pr\u0105d = 3 kV; zmiana system\u00f3w zasilania nast\u0119puje dok\u0142adnie w peronach stacji w Kutnej Horze. Obs\u0142uga trakcyjna granicznych odcink\u00f3w obojga system\u00f3w zasilania sieci trakcyjnej z uwagi na deficyt lokomotyw dwusystemowych jest dosy\u0107 [&hellip;]<\/p>\n","protected":false},"author":1,"featured_media":12570,"comment_status":"open","ping_status":"","sticky":false,"template":"","format":"standard","meta":{"footnotes":""},"categories":[2,46],"tags":[1733,51,283,50,49,3233,3234,2451],"class_list":["post-12569","post","type-post","status-publish","format-standard","has-post-thumbnail","hentry","category-kolej","category-rok-2012","tag-2012-06-20","tag-51","tag-bdhpmnu","tag-cd","tag-czechy","tag-hlizov","tag-kutna-hora-hlavni-nadrazi","tag-tab-cz230"],"_links":{"self":[{"href":"http:\/\/wgphoto.pl\/t\/index.php?rest_route=\/wp\/v2\/posts\/12569","targetHints":{"allow":["GET"]}}],"collection":[{"href":"http:\/\/wgphoto.pl\/t\/index.php?rest_route=\/wp\/v2\/posts"}],"about":[{"href":"http:\/\/wgphoto.pl\/t\/index.php?rest_route=\/wp\/v2\/types\/post"}],"author":[{"embeddable":true,"href":"http:\/\/wgphoto.pl\/t\/index.php?rest_route=\/wp\/v2\/users\/1"}],"replies":[{"embeddable":true,"href":"http:\/\/wgphoto.pl\/t\/index.php?rest_route=%2Fwp%2Fv2%2Fcomments&post=12569"}],"version-history":[{"count":1,"href":"http:\/\/wgphoto.pl\/t\/index.php?rest_route=\/wp\/v2\/posts\/12569\/revisions"}],"predecessor-version":[{"id":12571,"href":"http:\/\/wgphoto.pl\/t\/index.php?rest_route=\/wp\/v2\/posts\/12569\/revisions\/12571"}],"wp:featuredmedia":[{"embeddable":true,"href":"http:\/\/wgphoto.pl\/t\/index.php?rest_route=\/wp\/v2\/media\/12570"}],"wp:attachment":[{"href":"http:\/\/wgphoto.pl\/t\/index.php?rest_route=%2Fwp%2Fv2%2Fmedia&parent=12569"}],"wp:term":[{"taxonomy":"category","embeddable":true,"href":"http:\/\/wgphoto.pl\/t\/index.php?rest_route=%2Fwp%2Fv2%2Fcategories&post=12569"},{"taxonomy":"post_tag","embeddable":true,"href":"http:\/\/wgphoto.pl\/t\/index.php?rest_route=%2Fwp%2Fv2%2Ftags&post=12569"}],"curies":[{"name":"wp","href":"https:\/\/api.w.org\/{rel}","templated":true}]}}