{"id":12572,"date":"2025-02-22T12:13:40","date_gmt":"2025-02-22T11:13:40","guid":{"rendered":"https:\/\/wgphoto.pl\/t\/?p=12572"},"modified":"2025-02-22T12:13:40","modified_gmt":"2025-02-22T11:13:40","slug":"klasyk-pardubicky","status":"publish","type":"post","link":"http:\/\/wgphoto.pl\/t\/?p=12572","title":{"rendered":"Klasyk pardubick\u00fd"},"content":{"rendered":"\n<figure class=\"wp-block-image aligncenter size-full\"><img loading=\"lazy\" decoding=\"async\" width=\"1024\" height=\"685\" src=\"https:\/\/wgphoto.pl\/t\/wp-content\/uploads\/2025\/02\/imgp7906.jpg\" alt=\"\" class=\"wp-image-12573\" srcset=\"http:\/\/wgphoto.pl\/t\/wp-content\/uploads\/2025\/02\/imgp7906.jpg 1024w, http:\/\/wgphoto.pl\/t\/wp-content\/uploads\/2025\/02\/imgp7906-300x201.jpg 300w, http:\/\/wgphoto.pl\/t\/wp-content\/uploads\/2025\/02\/imgp7906-768x514.jpg 768w\" sizes=\"auto, (max-width: 1024px) 100vw, 1024px\" \/><\/figure>\n\n\n\n<div class=\"wp-block-group has-global-padding is-layout-constrained wp-block-group-is-layout-constrained\">\n<p>163 247-0 z poc. osob. 5008 rel. \u010cesk\u00e1 T\u0159ebov\u00e1 &#8211; Kol\u00edn zatrzymuje si\u0119 na zagubionym w\u015br\u00f3d g\u00f3r przystanku Bezpr\u00e1v\u00ed. Sk\u0142ad, posiadaj\u0105cy w ca\u0142o\u015bci klasyczne malowanie, zestawiony jest z bezprzedzia\u0142owych wagon\u00f3w, wyprodukowanych w Bautzen w latach 1989-1990. S\u0105 one zgrupowane w wojew\u00f3dztwach pardubickim oraz po\u0142udniowomorawskim (ze stolic\u0105 w Brnie), zatem z perszingami kursuj\u0105 tylko w pierwszym z nich. 20.04.2012<\/p>\n<\/div>\n","protected":false},"excerpt":{"rendered":"<p>163 247-0 z poc. osob. 5008 rel. \u010cesk\u00e1 T\u0159ebov\u00e1 &#8211; Kol\u00edn zatrzymuje si\u0119 na zagubionym w\u015br\u00f3d g\u00f3r przystanku Bezpr\u00e1v\u00ed. Sk\u0142ad, posiadaj\u0105cy w ca\u0142o\u015bci klasyczne malowanie, zestawiony jest z bezprzedzia\u0142owych wagon\u00f3w, wyprodukowanych w Bautzen w latach 1989-1990. S\u0105 one zgrupowane w wojew\u00f3dztwach pardubickim oraz po\u0142udniowomorawskim (ze stolic\u0105 w Brnie), zatem z perszingami kursuj\u0105 tylko w pierwszym [&hellip;]<\/p>\n","protected":false},"author":1,"featured_media":12573,"comment_status":"open","ping_status":"","sticky":false,"template":"","format":"standard","meta":{"footnotes":""},"categories":[2,46],"tags":[1401,2796,1713,50,49,1375],"class_list":["post-12572","post","type-post","status-publish","format-standard","has-post-thumbnail","hentry","category-kolej","category-rok-2012","tag-1401","tag-2012-04-20","tag-bezpravi","tag-cd","tag-czechy","tag-tab-cz010"],"_links":{"self":[{"href":"http:\/\/wgphoto.pl\/t\/index.php?rest_route=\/wp\/v2\/posts\/12572","targetHints":{"allow":["GET"]}}],"collection":[{"href":"http:\/\/wgphoto.pl\/t\/index.php?rest_route=\/wp\/v2\/posts"}],"about":[{"href":"http:\/\/wgphoto.pl\/t\/index.php?rest_route=\/wp\/v2\/types\/post"}],"author":[{"embeddable":true,"href":"http:\/\/wgphoto.pl\/t\/index.php?rest_route=\/wp\/v2\/users\/1"}],"replies":[{"embeddable":true,"href":"http:\/\/wgphoto.pl\/t\/index.php?rest_route=%2Fwp%2Fv2%2Fcomments&post=12572"}],"version-history":[{"count":1,"href":"http:\/\/wgphoto.pl\/t\/index.php?rest_route=\/wp\/v2\/posts\/12572\/revisions"}],"predecessor-version":[{"id":12574,"href":"http:\/\/wgphoto.pl\/t\/index.php?rest_route=\/wp\/v2\/posts\/12572\/revisions\/12574"}],"wp:featuredmedia":[{"embeddable":true,"href":"http:\/\/wgphoto.pl\/t\/index.php?rest_route=\/wp\/v2\/media\/12573"}],"wp:attachment":[{"href":"http:\/\/wgphoto.pl\/t\/index.php?rest_route=%2Fwp%2Fv2%2Fmedia&parent=12572"}],"wp:term":[{"taxonomy":"category","embeddable":true,"href":"http:\/\/wgphoto.pl\/t\/index.php?rest_route=%2Fwp%2Fv2%2Fcategories&post=12572"},{"taxonomy":"post_tag","embeddable":true,"href":"http:\/\/wgphoto.pl\/t\/index.php?rest_route=%2Fwp%2Fv2%2Ftags&post=12572"}],"curies":[{"name":"wp","href":"https:\/\/api.w.org\/{rel}","templated":true}]}}