{"id":12620,"date":"2025-02-22T18:55:13","date_gmt":"2025-02-22T17:55:13","guid":{"rendered":"https:\/\/wgphoto.pl\/t\/?p=12620"},"modified":"2025-02-22T18:55:13","modified_gmt":"2025-02-22T17:55:13","slug":"elevador-da-gloria-i","status":"publish","type":"post","link":"http:\/\/wgphoto.pl\/t\/?p=12620","title":{"rendered":"Elevador da Gl\u00f3ria I"},"content":{"rendered":"\n<figure class=\"wp-block-image aligncenter size-full\"><img loading=\"lazy\" decoding=\"async\" width=\"1000\" height=\"667\" src=\"https:\/\/wgphoto.pl\/t\/wp-content\/uploads\/2025\/02\/imgp7383.jpg\" alt=\"\" class=\"wp-image-12621\" srcset=\"http:\/\/wgphoto.pl\/t\/wp-content\/uploads\/2025\/02\/imgp7383.jpg 1000w, http:\/\/wgphoto.pl\/t\/wp-content\/uploads\/2025\/02\/imgp7383-300x200.jpg 300w, http:\/\/wgphoto.pl\/t\/wp-content\/uploads\/2025\/02\/imgp7383-768x512.jpg 768w\" sizes=\"auto, (max-width: 1000px) 100vw, 1000px\" \/><\/figure>\n\n\n\n<div class=\"wp-block-group has-global-padding is-layout-constrained wp-block-group-is-layout-constrained\">\n<p>Opr\u00f3cz popularnych \u017c\u00f3\u0142tych tramwaj\u00f3w w Lizbonie mo\u017cna spotka\u0107 tak\u017ce funikulary (kolejki linowo-terenowe). Przypominaj\u0105 one tramwaje za spraw\u0105 zbli\u017conej budowy pude\u0142 wagon\u00f3w, obecno\u015bci pantograf\u00f3w oraz poprowadzenia tras w ulicach (z dopuszczonym jedynie ruchem pieszych). Prezentowany na zdj\u0119ciu Elevador da Gl\u00f3ria wzi\u0105\u0142 sw\u0105 nazw\u0119 od ulicy &#8211; Cal\u00e7ada da Gl\u00f3ria. Otwarta w 1885 roku trasa, \u0142\u0105cz\u0105ca dzielnice Baixa i Bairro Alto, ma d\u0142ugo\u015b\u0107 265 metr\u00f3w. Nie posiada co prawda numeru linii, ale wchodzi w sk\u0142ad systemu komunikacyjnego Lizbony, posiada rozk\u0142ad jazdy, a w poje\u017adzie nale\u017cy skasowa\u0107 bilet. 07.09.2010<\/p>\n<\/div>\n","protected":false},"excerpt":{"rendered":"<p>Opr\u00f3cz popularnych \u017c\u00f3\u0142tych tramwaj\u00f3w w Lizbonie mo\u017cna spotka\u0107 tak\u017ce funikulary (kolejki linowo-terenowe). Przypominaj\u0105 one tramwaje za spraw\u0105 zbli\u017conej budowy pude\u0142 wagon\u00f3w, obecno\u015bci pantograf\u00f3w oraz poprowadzenia tras w ulicach (z dopuszczonym jedynie ruchem pieszych). Prezentowany na zdj\u0119ciu Elevador da Gl\u00f3ria wzi\u0105\u0142 sw\u0105 nazw\u0119 od ulicy &#8211; Cal\u00e7ada da Gl\u00f3ria. Otwarta w 1885 roku trasa, \u0142\u0105cz\u0105ca dzielnice [&hellip;]<\/p>\n","protected":false},"author":1,"featured_media":12621,"comment_status":"open","ping_status":"","sticky":false,"template":"","format":"standard","meta":{"footnotes":""},"categories":[86,3],"tags":[1430,299,3244,1046,298,297],"class_list":["post-12620","post","type-post","status-publish","format-standard","has-post-thumbnail","hentry","category-rok-2010","category-tramwaj","tag-2010-09-07","tag-carris-lisboa","tag-elevador-da-gloria","tag-funikular","tag-lizbona","tag-portugalia"],"_links":{"self":[{"href":"http:\/\/wgphoto.pl\/t\/index.php?rest_route=\/wp\/v2\/posts\/12620","targetHints":{"allow":["GET"]}}],"collection":[{"href":"http:\/\/wgphoto.pl\/t\/index.php?rest_route=\/wp\/v2\/posts"}],"about":[{"href":"http:\/\/wgphoto.pl\/t\/index.php?rest_route=\/wp\/v2\/types\/post"}],"author":[{"embeddable":true,"href":"http:\/\/wgphoto.pl\/t\/index.php?rest_route=\/wp\/v2\/users\/1"}],"replies":[{"embeddable":true,"href":"http:\/\/wgphoto.pl\/t\/index.php?rest_route=%2Fwp%2Fv2%2Fcomments&post=12620"}],"version-history":[{"count":1,"href":"http:\/\/wgphoto.pl\/t\/index.php?rest_route=\/wp\/v2\/posts\/12620\/revisions"}],"predecessor-version":[{"id":12622,"href":"http:\/\/wgphoto.pl\/t\/index.php?rest_route=\/wp\/v2\/posts\/12620\/revisions\/12622"}],"wp:featuredmedia":[{"embeddable":true,"href":"http:\/\/wgphoto.pl\/t\/index.php?rest_route=\/wp\/v2\/media\/12621"}],"wp:attachment":[{"href":"http:\/\/wgphoto.pl\/t\/index.php?rest_route=%2Fwp%2Fv2%2Fmedia&parent=12620"}],"wp:term":[{"taxonomy":"category","embeddable":true,"href":"http:\/\/wgphoto.pl\/t\/index.php?rest_route=%2Fwp%2Fv2%2Fcategories&post=12620"},{"taxonomy":"post_tag","embeddable":true,"href":"http:\/\/wgphoto.pl\/t\/index.php?rest_route=%2Fwp%2Fv2%2Ftags&post=12620"}],"curies":[{"name":"wp","href":"https:\/\/api.w.org\/{rel}","templated":true}]}}