{"id":1263,"date":"2024-10-03T16:31:56","date_gmt":"2024-10-03T14:31:56","guid":{"rendered":"https:\/\/wgphoto.pl\/t\/?p=1263"},"modified":"2024-10-03T16:31:56","modified_gmt":"2024-10-03T14:31:56","slug":"w-popoludniowym-sloncu","status":"publish","type":"post","link":"http:\/\/wgphoto.pl\/t\/?p=1263","title":{"rendered":"W popo\u0142udniowym s\u0142o\u0144cu"},"content":{"rendered":"\n<figure class=\"wp-block-image aligncenter size-full\"><img loading=\"lazy\" decoding=\"async\" width=\"1200\" height=\"795\" src=\"https:\/\/wgphoto.pl\/t\/wp-content\/uploads\/2024\/10\/IMGP6992.jpg\" alt=\"\" class=\"wp-image-1264\" srcset=\"http:\/\/wgphoto.pl\/t\/wp-content\/uploads\/2024\/10\/IMGP6992.jpg 1200w, http:\/\/wgphoto.pl\/t\/wp-content\/uploads\/2024\/10\/IMGP6992-300x199.jpg 300w, http:\/\/wgphoto.pl\/t\/wp-content\/uploads\/2024\/10\/IMGP6992-768x509.jpg 768w\" sizes=\"auto, (max-width: 1200px) 100vw, 1200px\" \/><\/figure>\n\n\n\n<div class=\"wp-block-group has-global-padding is-layout-constrained wp-block-group-is-layout-constrained\">\n<p>Miluza, Avenue du Pr\u00e9sident Kennedy. Tego dnia pogoda by\u0142a bardzo zmienna, od s\u0142o\u0144ca po \u015bnie\u017cyc\u0119 (co mo\u017cna zaobserwowa\u0107 klikaj\u0105c w tag miasta), ale na popo\u0142udnie przypad\u0142y akurat ca\u0142kiem sympatyczne warunki. 20.03.2018<\/p>\n<\/div>\n","protected":false},"excerpt":{"rendered":"<p>Miluza, Avenue du Pr\u00e9sident Kennedy. Tego dnia pogoda by\u0142a bardzo zmienna, od s\u0142o\u0144ca po \u015bnie\u017cyc\u0119 (co mo\u017cna zaobserwowa\u0107 klikaj\u0105c w tag miasta), ale na popo\u0142udnie przypad\u0142y akurat ca\u0142kiem sympatyczne warunki. 20.03.2018<\/p>\n","protected":false},"author":1,"featured_media":1264,"comment_status":"open","ping_status":"","sticky":false,"template":"","format":"standard","meta":{"footnotes":""},"categories":[156,3],"tags":[602,170,34,415,601,181,44,183,600],"class_list":["post-1263","post","type-post","status-publish","format-standard","has-post-thumbnail","hentry","category-rok-2018","category-tramwaj","tag-2018-03-20","tag-alstom-citadis302","tag-architektura","tag-francja","tag-miluza","tag-slonce","tag-snieg","tag-suissetrip-2018","tag-tram-mulhouse"],"_links":{"self":[{"href":"http:\/\/wgphoto.pl\/t\/index.php?rest_route=\/wp\/v2\/posts\/1263","targetHints":{"allow":["GET"]}}],"collection":[{"href":"http:\/\/wgphoto.pl\/t\/index.php?rest_route=\/wp\/v2\/posts"}],"about":[{"href":"http:\/\/wgphoto.pl\/t\/index.php?rest_route=\/wp\/v2\/types\/post"}],"author":[{"embeddable":true,"href":"http:\/\/wgphoto.pl\/t\/index.php?rest_route=\/wp\/v2\/users\/1"}],"replies":[{"embeddable":true,"href":"http:\/\/wgphoto.pl\/t\/index.php?rest_route=%2Fwp%2Fv2%2Fcomments&post=1263"}],"version-history":[{"count":1,"href":"http:\/\/wgphoto.pl\/t\/index.php?rest_route=\/wp\/v2\/posts\/1263\/revisions"}],"predecessor-version":[{"id":1265,"href":"http:\/\/wgphoto.pl\/t\/index.php?rest_route=\/wp\/v2\/posts\/1263\/revisions\/1265"}],"wp:featuredmedia":[{"embeddable":true,"href":"http:\/\/wgphoto.pl\/t\/index.php?rest_route=\/wp\/v2\/media\/1264"}],"wp:attachment":[{"href":"http:\/\/wgphoto.pl\/t\/index.php?rest_route=%2Fwp%2Fv2%2Fmedia&parent=1263"}],"wp:term":[{"taxonomy":"category","embeddable":true,"href":"http:\/\/wgphoto.pl\/t\/index.php?rest_route=%2Fwp%2Fv2%2Fcategories&post=1263"},{"taxonomy":"post_tag","embeddable":true,"href":"http:\/\/wgphoto.pl\/t\/index.php?rest_route=%2Fwp%2Fv2%2Ftags&post=1263"}],"curies":[{"name":"wp","href":"https:\/\/api.w.org\/{rel}","templated":true}]}}