{"id":12632,"date":"2025-02-22T18:58:41","date_gmt":"2025-02-22T17:58:41","guid":{"rendered":"https:\/\/wgphoto.pl\/t\/?p=12632"},"modified":"2025-02-22T18:58:41","modified_gmt":"2025-02-22T17:58:41","slug":"zajezdnia-na-ulicy","status":"publish","type":"post","link":"http:\/\/wgphoto.pl\/t\/?p=12632","title":{"rendered":"Zajezdnia na ulicy"},"content":{"rendered":"\n<figure class=\"wp-block-image aligncenter size-full\"><img loading=\"lazy\" decoding=\"async\" width=\"1000\" height=\"665\" src=\"https:\/\/wgphoto.pl\/t\/wp-content\/uploads\/2025\/02\/imgp7553.jpg\" alt=\"\" class=\"wp-image-12633\" srcset=\"http:\/\/wgphoto.pl\/t\/wp-content\/uploads\/2025\/02\/imgp7553.jpg 1000w, http:\/\/wgphoto.pl\/t\/wp-content\/uploads\/2025\/02\/imgp7553-300x200.jpg 300w, http:\/\/wgphoto.pl\/t\/wp-content\/uploads\/2025\/02\/imgp7553-768x511.jpg 768w\" sizes=\"auto, (max-width: 1000px) 100vw, 1000px\" \/><\/figure>\n\n\n\n<div class=\"wp-block-group has-global-padding is-layout-constrained wp-block-group-is-layout-constrained\">\n<p>Na szczyt Cal\u00e7ada do Lavra mo\u017cna wjecha\u0107 funikularem albo wej\u015b\u0107 pieszo po schodach. Wagony obs\u0142uguj\u0105ce Elevador do Lavra sp\u0119dz\u0105 noc po\u015brodku d\u0142ugo\u015bci ulicy. 07.09.2010<\/p>\n<\/div>\n","protected":false},"excerpt":{"rendered":"<p>Na szczyt Cal\u00e7ada do Lavra mo\u017cna wjecha\u0107 funikularem albo wej\u015b\u0107 pieszo po schodach. Wagony obs\u0142uguj\u0105ce Elevador do Lavra sp\u0119dz\u0105 noc po\u015brodku d\u0142ugo\u015bci ulicy. 07.09.2010<\/p>\n","protected":false},"author":1,"featured_media":12633,"comment_status":"open","ping_status":"","sticky":false,"template":"","format":"standard","meta":{"footnotes":""},"categories":[86,3],"tags":[1430,299,2669,1046,298,154,297,138],"class_list":["post-12632","post","type-post","status-publish","format-standard","has-post-thumbnail","hentry","category-rok-2010","category-tramwaj","tag-2010-09-07","tag-carris-lisboa","tag-elevador-da-lavra","tag-funikular","tag-lizbona","tag-noc","tag-portugalia","tag-zajezdnia"],"_links":{"self":[{"href":"http:\/\/wgphoto.pl\/t\/index.php?rest_route=\/wp\/v2\/posts\/12632","targetHints":{"allow":["GET"]}}],"collection":[{"href":"http:\/\/wgphoto.pl\/t\/index.php?rest_route=\/wp\/v2\/posts"}],"about":[{"href":"http:\/\/wgphoto.pl\/t\/index.php?rest_route=\/wp\/v2\/types\/post"}],"author":[{"embeddable":true,"href":"http:\/\/wgphoto.pl\/t\/index.php?rest_route=\/wp\/v2\/users\/1"}],"replies":[{"embeddable":true,"href":"http:\/\/wgphoto.pl\/t\/index.php?rest_route=%2Fwp%2Fv2%2Fcomments&post=12632"}],"version-history":[{"count":1,"href":"http:\/\/wgphoto.pl\/t\/index.php?rest_route=\/wp\/v2\/posts\/12632\/revisions"}],"predecessor-version":[{"id":12634,"href":"http:\/\/wgphoto.pl\/t\/index.php?rest_route=\/wp\/v2\/posts\/12632\/revisions\/12634"}],"wp:featuredmedia":[{"embeddable":true,"href":"http:\/\/wgphoto.pl\/t\/index.php?rest_route=\/wp\/v2\/media\/12633"}],"wp:attachment":[{"href":"http:\/\/wgphoto.pl\/t\/index.php?rest_route=%2Fwp%2Fv2%2Fmedia&parent=12632"}],"wp:term":[{"taxonomy":"category","embeddable":true,"href":"http:\/\/wgphoto.pl\/t\/index.php?rest_route=%2Fwp%2Fv2%2Fcategories&post=12632"},{"taxonomy":"post_tag","embeddable":true,"href":"http:\/\/wgphoto.pl\/t\/index.php?rest_route=%2Fwp%2Fv2%2Ftags&post=12632"}],"curies":[{"name":"wp","href":"https:\/\/api.w.org\/{rel}","templated":true}]}}