{"id":12635,"date":"2025-02-22T18:59:32","date_gmt":"2025-02-22T17:59:32","guid":{"rendered":"https:\/\/wgphoto.pl\/t\/?p=12635"},"modified":"2025-02-22T18:59:32","modified_gmt":"2025-02-22T17:59:32","slug":"obsluga-codzienna","status":"publish","type":"post","link":"http:\/\/wgphoto.pl\/t\/?p=12635","title":{"rendered":"Obs\u0142uga codzienna"},"content":{"rendered":"\n<figure class=\"wp-block-image aligncenter size-full\"><img loading=\"lazy\" decoding=\"async\" width=\"900\" height=\"599\" src=\"https:\/\/wgphoto.pl\/t\/wp-content\/uploads\/2025\/02\/imgp7556.jpg\" alt=\"\" class=\"wp-image-12636\" srcset=\"http:\/\/wgphoto.pl\/t\/wp-content\/uploads\/2025\/02\/imgp7556.jpg 900w, http:\/\/wgphoto.pl\/t\/wp-content\/uploads\/2025\/02\/imgp7556-300x200.jpg 300w, http:\/\/wgphoto.pl\/t\/wp-content\/uploads\/2025\/02\/imgp7556-768x511.jpg 768w\" sizes=\"auto, (max-width: 900px) 100vw, 900px\" \/><\/figure>\n\n\n\n<div class=\"wp-block-group has-global-padding is-layout-constrained wp-block-group-is-layout-constrained\">\n<p>Nocna wersja poprzedniego zdj\u0119cia. Z uwagi na mechanizm dzia\u0142ania funikularu, wagony mijaj\u0105 si\u0119 dok\u0142adnie po\u015brodku d\u0142ugo\u015bci swej trasy. W tym miejscu te\u017c nocuj\u0105. Foto wykonano nied\u0142ugo po ostatnim kursie. Samoch\u00f3d widoczny za prawym wagonem nale\u017cy do pracownik\u00f3w zaplecza technicznego, kt\u00f3rzy w\u0142a\u015bnie przeprowadzaj\u0105 OC. 07.09.2010<\/p>\n<\/div>\n","protected":false},"excerpt":{"rendered":"<p>Nocna wersja poprzedniego zdj\u0119cia. Z uwagi na mechanizm dzia\u0142ania funikularu, wagony mijaj\u0105 si\u0119 dok\u0142adnie po\u015brodku d\u0142ugo\u015bci swej trasy. W tym miejscu te\u017c nocuj\u0105. Foto wykonano nied\u0142ugo po ostatnim kursie. Samoch\u00f3d widoczny za prawym wagonem nale\u017cy do pracownik\u00f3w zaplecza technicznego, kt\u00f3rzy w\u0142a\u015bnie przeprowadzaj\u0105 OC. 07.09.2010<\/p>\n","protected":false},"author":1,"featured_media":12636,"comment_status":"open","ping_status":"","sticky":false,"template":"","format":"standard","meta":{"footnotes":""},"categories":[86,3],"tags":[1430,299,2669,1046,298,154,297,138],"class_list":["post-12635","post","type-post","status-publish","format-standard","has-post-thumbnail","hentry","category-rok-2010","category-tramwaj","tag-2010-09-07","tag-carris-lisboa","tag-elevador-da-lavra","tag-funikular","tag-lizbona","tag-noc","tag-portugalia","tag-zajezdnia"],"_links":{"self":[{"href":"http:\/\/wgphoto.pl\/t\/index.php?rest_route=\/wp\/v2\/posts\/12635","targetHints":{"allow":["GET"]}}],"collection":[{"href":"http:\/\/wgphoto.pl\/t\/index.php?rest_route=\/wp\/v2\/posts"}],"about":[{"href":"http:\/\/wgphoto.pl\/t\/index.php?rest_route=\/wp\/v2\/types\/post"}],"author":[{"embeddable":true,"href":"http:\/\/wgphoto.pl\/t\/index.php?rest_route=\/wp\/v2\/users\/1"}],"replies":[{"embeddable":true,"href":"http:\/\/wgphoto.pl\/t\/index.php?rest_route=%2Fwp%2Fv2%2Fcomments&post=12635"}],"version-history":[{"count":1,"href":"http:\/\/wgphoto.pl\/t\/index.php?rest_route=\/wp\/v2\/posts\/12635\/revisions"}],"predecessor-version":[{"id":12637,"href":"http:\/\/wgphoto.pl\/t\/index.php?rest_route=\/wp\/v2\/posts\/12635\/revisions\/12637"}],"wp:featuredmedia":[{"embeddable":true,"href":"http:\/\/wgphoto.pl\/t\/index.php?rest_route=\/wp\/v2\/media\/12636"}],"wp:attachment":[{"href":"http:\/\/wgphoto.pl\/t\/index.php?rest_route=%2Fwp%2Fv2%2Fmedia&parent=12635"}],"wp:term":[{"taxonomy":"category","embeddable":true,"href":"http:\/\/wgphoto.pl\/t\/index.php?rest_route=%2Fwp%2Fv2%2Fcategories&post=12635"},{"taxonomy":"post_tag","embeddable":true,"href":"http:\/\/wgphoto.pl\/t\/index.php?rest_route=%2Fwp%2Fv2%2Ftags&post=12635"}],"curies":[{"name":"wp","href":"https:\/\/api.w.org\/{rel}","templated":true}]}}