{"id":12638,"date":"2025-02-22T19:00:35","date_gmt":"2025-02-22T18:00:35","guid":{"rendered":"https:\/\/wgphoto.pl\/t\/?p=12638"},"modified":"2025-02-22T19:00:35","modified_gmt":"2025-02-22T18:00:35","slug":"elevador-da-lavra-na-polmetku-trasy","status":"publish","type":"post","link":"http:\/\/wgphoto.pl\/t\/?p=12638","title":{"rendered":"Elevador da Lavra na p\u00f3\u0142metku trasy"},"content":{"rendered":"\n<figure class=\"wp-block-image aligncenter size-full\"><img loading=\"lazy\" decoding=\"async\" width=\"600\" height=\"900\" src=\"https:\/\/wgphoto.pl\/t\/wp-content\/uploads\/2025\/02\/imgp7603-1.jpg\" alt=\"\" class=\"wp-image-12639\" srcset=\"http:\/\/wgphoto.pl\/t\/wp-content\/uploads\/2025\/02\/imgp7603-1.jpg 600w, http:\/\/wgphoto.pl\/t\/wp-content\/uploads\/2025\/02\/imgp7603-1-200x300.jpg 200w\" sizes=\"auto, (max-width: 600px) 100vw, 600px\" \/><\/figure>\n\n\n\n<div class=\"wp-block-group has-global-padding is-layout-constrained wp-block-group-is-layout-constrained\">\n<p>Uruchomiony w 1884 roku Elevador do Lavra jest najstarszym lizbo\u0144skim funikularem. Na trasie o d\u0142ugo\u015bci 188 metr\u00f3w osi\u0105ga nachylenie toru o warto\u015bci 23%. W tle, na dole, znajduje si\u0119 dzielnica Baixa, natomiast na kolejne wzniesienie mo\u017cna wjecha\u0107 znanym z poprzednich zdj\u0119\u0107 Elevadorem da Gl\u00f3ria. 08.09.2010<\/p>\n<\/div>\n","protected":false},"excerpt":{"rendered":"<p>Uruchomiony w 1884 roku Elevador do Lavra jest najstarszym lizbo\u0144skim funikularem. Na trasie o d\u0142ugo\u015bci 188 metr\u00f3w osi\u0105ga nachylenie toru o warto\u015bci 23%. W tle, na dole, znajduje si\u0119 dzielnica Baixa, natomiast na kolejne wzniesienie mo\u017cna wjecha\u0107 znanym z poprzednich zdj\u0119\u0107 Elevadorem da Gl\u00f3ria. 08.09.2010<\/p>\n","protected":false},"author":1,"featured_media":12639,"comment_status":"open","ping_status":"","sticky":false,"template":"","format":"standard","meta":{"footnotes":""},"categories":[128,86,3],"tags":[1431,299,2669,1046,298,297],"class_list":["post-12638","post","type-post","status-publish","format-standard","has-post-thumbnail","hentry","category-pionowe","category-rok-2010","category-tramwaj","tag-2010-09-08","tag-carris-lisboa","tag-elevador-da-lavra","tag-funikular","tag-lizbona","tag-portugalia"],"_links":{"self":[{"href":"http:\/\/wgphoto.pl\/t\/index.php?rest_route=\/wp\/v2\/posts\/12638","targetHints":{"allow":["GET"]}}],"collection":[{"href":"http:\/\/wgphoto.pl\/t\/index.php?rest_route=\/wp\/v2\/posts"}],"about":[{"href":"http:\/\/wgphoto.pl\/t\/index.php?rest_route=\/wp\/v2\/types\/post"}],"author":[{"embeddable":true,"href":"http:\/\/wgphoto.pl\/t\/index.php?rest_route=\/wp\/v2\/users\/1"}],"replies":[{"embeddable":true,"href":"http:\/\/wgphoto.pl\/t\/index.php?rest_route=%2Fwp%2Fv2%2Fcomments&post=12638"}],"version-history":[{"count":1,"href":"http:\/\/wgphoto.pl\/t\/index.php?rest_route=\/wp\/v2\/posts\/12638\/revisions"}],"predecessor-version":[{"id":12640,"href":"http:\/\/wgphoto.pl\/t\/index.php?rest_route=\/wp\/v2\/posts\/12638\/revisions\/12640"}],"wp:featuredmedia":[{"embeddable":true,"href":"http:\/\/wgphoto.pl\/t\/index.php?rest_route=\/wp\/v2\/media\/12639"}],"wp:attachment":[{"href":"http:\/\/wgphoto.pl\/t\/index.php?rest_route=%2Fwp%2Fv2%2Fmedia&parent=12638"}],"wp:term":[{"taxonomy":"category","embeddable":true,"href":"http:\/\/wgphoto.pl\/t\/index.php?rest_route=%2Fwp%2Fv2%2Fcategories&post=12638"},{"taxonomy":"post_tag","embeddable":true,"href":"http:\/\/wgphoto.pl\/t\/index.php?rest_route=%2Fwp%2Fv2%2Ftags&post=12638"}],"curies":[{"name":"wp","href":"https:\/\/api.w.org\/{rel}","templated":true}]}}