{"id":12644,"date":"2025-02-22T19:02:44","date_gmt":"2025-02-22T18:02:44","guid":{"rendered":"https:\/\/wgphoto.pl\/t\/?p=12644"},"modified":"2025-02-22T19:02:44","modified_gmt":"2025-02-22T18:02:44","slug":"lisboa-oriente","status":"publish","type":"post","link":"http:\/\/wgphoto.pl\/t\/?p=12644","title":{"rendered":"Lisboa Oriente"},"content":{"rendered":"\n<figure class=\"wp-block-image aligncenter size-full\"><img loading=\"lazy\" decoding=\"async\" width=\"1000\" height=\"667\" src=\"https:\/\/wgphoto.pl\/t\/wp-content\/uploads\/2025\/02\/imgp7539.jpg\" alt=\"\" class=\"wp-image-12645\" srcset=\"http:\/\/wgphoto.pl\/t\/wp-content\/uploads\/2025\/02\/imgp7539.jpg 1000w, http:\/\/wgphoto.pl\/t\/wp-content\/uploads\/2025\/02\/imgp7539-300x200.jpg 300w, http:\/\/wgphoto.pl\/t\/wp-content\/uploads\/2025\/02\/imgp7539-768x512.jpg 768w\" sizes=\"auto, (max-width: 1000px) 100vw, 1000px\" \/><\/figure>\n\n\n\n<div class=\"wp-block-group has-global-padding is-layout-constrained wp-block-group-is-layout-constrained\">\n<p>Niezidentyfikowany poci\u0105g, zaprz\u0119gni\u0119ty w lokomotyw\u0119 5612-5, zosta\u0142 sfotografowany w czasie postoju na stacji Lisboa Oriente. 07.09.2010<\/p>\n<\/div>\n","protected":false},"excerpt":{"rendered":"<p>Niezidentyfikowany poci\u0105g, zaprz\u0119gni\u0119ty w lokomotyw\u0119 5612-5, zosta\u0142 sfotografowany w czasie postoju na stacji Lisboa Oriente. 07.09.2010<\/p>\n","protected":false},"author":1,"featured_media":12645,"comment_status":"open","ping_status":"","sticky":false,"template":"","format":"standard","meta":{"footnotes":""},"categories":[2,86],"tags":[1430,1165,179,1166,298,154,297],"class_list":["post-12644","post","type-post","status-publish","format-standard","has-post-thumbnail","hentry","category-kolej","category-rok-2010","tag-2010-09-07","tag-cp","tag-hala-peronowa","tag-lisboa-oriente","tag-lizbona","tag-noc","tag-portugalia"],"_links":{"self":[{"href":"http:\/\/wgphoto.pl\/t\/index.php?rest_route=\/wp\/v2\/posts\/12644","targetHints":{"allow":["GET"]}}],"collection":[{"href":"http:\/\/wgphoto.pl\/t\/index.php?rest_route=\/wp\/v2\/posts"}],"about":[{"href":"http:\/\/wgphoto.pl\/t\/index.php?rest_route=\/wp\/v2\/types\/post"}],"author":[{"embeddable":true,"href":"http:\/\/wgphoto.pl\/t\/index.php?rest_route=\/wp\/v2\/users\/1"}],"replies":[{"embeddable":true,"href":"http:\/\/wgphoto.pl\/t\/index.php?rest_route=%2Fwp%2Fv2%2Fcomments&post=12644"}],"version-history":[{"count":1,"href":"http:\/\/wgphoto.pl\/t\/index.php?rest_route=\/wp\/v2\/posts\/12644\/revisions"}],"predecessor-version":[{"id":12646,"href":"http:\/\/wgphoto.pl\/t\/index.php?rest_route=\/wp\/v2\/posts\/12644\/revisions\/12646"}],"wp:featuredmedia":[{"embeddable":true,"href":"http:\/\/wgphoto.pl\/t\/index.php?rest_route=\/wp\/v2\/media\/12645"}],"wp:attachment":[{"href":"http:\/\/wgphoto.pl\/t\/index.php?rest_route=%2Fwp%2Fv2%2Fmedia&parent=12644"}],"wp:term":[{"taxonomy":"category","embeddable":true,"href":"http:\/\/wgphoto.pl\/t\/index.php?rest_route=%2Fwp%2Fv2%2Fcategories&post=12644"},{"taxonomy":"post_tag","embeddable":true,"href":"http:\/\/wgphoto.pl\/t\/index.php?rest_route=%2Fwp%2Fv2%2Ftags&post=12644"}],"curies":[{"name":"wp","href":"https:\/\/api.w.org\/{rel}","templated":true}]}}