{"id":12650,"date":"2025-02-22T19:05:13","date_gmt":"2025-02-22T18:05:13","guid":{"rendered":"https:\/\/wgphoto.pl\/t\/?p=12650"},"modified":"2025-02-22T19:05:13","modified_gmt":"2025-02-22T18:05:13","slug":"podmiejski-zielony","status":"publish","type":"post","link":"http:\/\/wgphoto.pl\/t\/?p=12650","title":{"rendered":"Podmiejski zielony"},"content":{"rendered":"\n<figure class=\"wp-block-image aligncenter size-full\"><img loading=\"lazy\" decoding=\"async\" width=\"1000\" height=\"666\" src=\"https:\/\/wgphoto.pl\/t\/wp-content\/uploads\/2025\/02\/imgp7161-10.jpg\" alt=\"\" class=\"wp-image-12651\" srcset=\"http:\/\/wgphoto.pl\/t\/wp-content\/uploads\/2025\/02\/imgp7161-10.jpg 1000w, http:\/\/wgphoto.pl\/t\/wp-content\/uploads\/2025\/02\/imgp7161-10-300x200.jpg 300w, http:\/\/wgphoto.pl\/t\/wp-content\/uploads\/2025\/02\/imgp7161-10-768x511.jpg 768w\" sizes=\"auto, (max-width: 1000px) 100vw, 1000px\" \/><\/figure>\n\n\n\n<div class=\"wp-block-group has-global-padding is-layout-constrained wp-block-group-is-layout-constrained\">\n<p>Poci\u0105g podmiejski do stacji Azambuja zosta\u0142 sfotografowany podczas kr\u00f3tkiego postoju na stacji Lisboa Oriente. 12 takich pi\u0119trowych jednostek serii 3500 (prod. Alstom-CAF w latach 1999-2000) o zielonych czo\u0142ach obs\u0142uguje po\u0142\u0105czenia na podmiejskiej linii wybiegaj\u0105cej z Lizbony na p\u00f3\u0142noc. 18 konstrukcyjnie jednakowych, lecz o odmiennym malowaniu (czo\u0142a niebieskie) kursuje na linii Fertagus, przekraczaj\u0105cej Tag i \u0142\u0105cz\u0105cej Lizbon\u0119 z miejscowo\u015bciami na lewym brzegu rzeki. 2010-09-04<\/p>\n<\/div>\n","protected":false},"excerpt":{"rendered":"<p>Poci\u0105g podmiejski do stacji Azambuja zosta\u0142 sfotografowany podczas kr\u00f3tkiego postoju na stacji Lisboa Oriente. 12 takich pi\u0119trowych jednostek serii 3500 (prod. Alstom-CAF w latach 1999-2000) o zielonych czo\u0142ach obs\u0142uguje po\u0142\u0105czenia na podmiejskiej linii wybiegaj\u0105cej z Lizbony na p\u00f3\u0142noc. 18 konstrukcyjnie jednakowych, lecz o odmiennym malowaniu (czo\u0142a niebieskie) kursuje na linii Fertagus, przekraczaj\u0105cej Tag i \u0142\u0105cz\u0105cej [&hellip;]<\/p>\n","protected":false},"author":1,"featured_media":12651,"comment_status":"open","ping_status":"","sticky":false,"template":"","format":"standard","meta":{"footnotes":""},"categories":[2,86],"tags":[1199,1165,179,1374,1166,298,297],"class_list":["post-12650","post","type-post","status-publish","format-standard","has-post-thumbnail","hentry","category-kolej","category-rok-2010","tag-2010-09-04","tag-cp","tag-hala-peronowa","tag-kolej-podmiejska","tag-lisboa-oriente","tag-lizbona","tag-portugalia"],"_links":{"self":[{"href":"http:\/\/wgphoto.pl\/t\/index.php?rest_route=\/wp\/v2\/posts\/12650","targetHints":{"allow":["GET"]}}],"collection":[{"href":"http:\/\/wgphoto.pl\/t\/index.php?rest_route=\/wp\/v2\/posts"}],"about":[{"href":"http:\/\/wgphoto.pl\/t\/index.php?rest_route=\/wp\/v2\/types\/post"}],"author":[{"embeddable":true,"href":"http:\/\/wgphoto.pl\/t\/index.php?rest_route=\/wp\/v2\/users\/1"}],"replies":[{"embeddable":true,"href":"http:\/\/wgphoto.pl\/t\/index.php?rest_route=%2Fwp%2Fv2%2Fcomments&post=12650"}],"version-history":[{"count":1,"href":"http:\/\/wgphoto.pl\/t\/index.php?rest_route=\/wp\/v2\/posts\/12650\/revisions"}],"predecessor-version":[{"id":12652,"href":"http:\/\/wgphoto.pl\/t\/index.php?rest_route=\/wp\/v2\/posts\/12650\/revisions\/12652"}],"wp:featuredmedia":[{"embeddable":true,"href":"http:\/\/wgphoto.pl\/t\/index.php?rest_route=\/wp\/v2\/media\/12651"}],"wp:attachment":[{"href":"http:\/\/wgphoto.pl\/t\/index.php?rest_route=%2Fwp%2Fv2%2Fmedia&parent=12650"}],"wp:term":[{"taxonomy":"category","embeddable":true,"href":"http:\/\/wgphoto.pl\/t\/index.php?rest_route=%2Fwp%2Fv2%2Fcategories&post=12650"},{"taxonomy":"post_tag","embeddable":true,"href":"http:\/\/wgphoto.pl\/t\/index.php?rest_route=%2Fwp%2Fv2%2Ftags&post=12650"}],"curies":[{"name":"wp","href":"https:\/\/api.w.org\/{rel}","templated":true}]}}