{"id":12674,"date":"2025-02-22T19:13:52","date_gmt":"2025-02-22T18:13:52","guid":{"rendered":"https:\/\/wgphoto.pl\/t\/?p=12674"},"modified":"2025-02-22T19:13:52","modified_gmt":"2025-02-22T18:13:52","slug":"motyw-botaniczny","status":"publish","type":"post","link":"http:\/\/wgphoto.pl\/t\/?p=12674","title":{"rendered":"Motyw botaniczny"},"content":{"rendered":"\n<figure class=\"wp-block-image aligncenter size-full\"><img loading=\"lazy\" decoding=\"async\" width=\"1024\" height=\"680\" src=\"https:\/\/wgphoto.pl\/t\/wp-content\/uploads\/2025\/02\/imgp7104.jpg\" alt=\"\" class=\"wp-image-12675\" srcset=\"http:\/\/wgphoto.pl\/t\/wp-content\/uploads\/2025\/02\/imgp7104.jpg 1024w, http:\/\/wgphoto.pl\/t\/wp-content\/uploads\/2025\/02\/imgp7104-300x199.jpg 300w, http:\/\/wgphoto.pl\/t\/wp-content\/uploads\/2025\/02\/imgp7104-768x510.jpg 768w\" sizes=\"auto, (max-width: 1024px) 100vw, 1024px\" \/><\/figure>\n\n\n\n<div class=\"wp-block-group has-global-padding is-layout-constrained wp-block-group-is-layout-constrained\">\n<p>Matosinhos, Avenida Calouste Gulbenkian. MP017 mija typow\u0105 dla tych szeroko\u015bci geograficznych ro\u015blinno\u015b\u0107. 2010-09-04<\/p>\n<\/div>\n","protected":false},"excerpt":{"rendered":"<p>Matosinhos, Avenida Calouste Gulbenkian. MP017 mija typow\u0105 dla tych szeroko\u015bci geograficznych ro\u015blinno\u015b\u0107. 2010-09-04<\/p>\n","protected":false},"author":1,"featured_media":12675,"comment_status":"open","ping_status":"","sticky":false,"template":"","format":"standard","meta":{"footnotes":""},"categories":[4,86,3],"tags":[1199,502,504,503,297,1113],"class_list":["post-12674","post","type-post","status-publish","format-standard","has-post-thumbnail","hentry","category-metro","category-rok-2010","category-tramwaj","tag-2010-09-04","tag-eurotram","tag-metro-do-porto","tag-porto","tag-portugalia","tag-roslinnosc"],"_links":{"self":[{"href":"http:\/\/wgphoto.pl\/t\/index.php?rest_route=\/wp\/v2\/posts\/12674","targetHints":{"allow":["GET"]}}],"collection":[{"href":"http:\/\/wgphoto.pl\/t\/index.php?rest_route=\/wp\/v2\/posts"}],"about":[{"href":"http:\/\/wgphoto.pl\/t\/index.php?rest_route=\/wp\/v2\/types\/post"}],"author":[{"embeddable":true,"href":"http:\/\/wgphoto.pl\/t\/index.php?rest_route=\/wp\/v2\/users\/1"}],"replies":[{"embeddable":true,"href":"http:\/\/wgphoto.pl\/t\/index.php?rest_route=%2Fwp%2Fv2%2Fcomments&post=12674"}],"version-history":[{"count":1,"href":"http:\/\/wgphoto.pl\/t\/index.php?rest_route=\/wp\/v2\/posts\/12674\/revisions"}],"predecessor-version":[{"id":12676,"href":"http:\/\/wgphoto.pl\/t\/index.php?rest_route=\/wp\/v2\/posts\/12674\/revisions\/12676"}],"wp:featuredmedia":[{"embeddable":true,"href":"http:\/\/wgphoto.pl\/t\/index.php?rest_route=\/wp\/v2\/media\/12675"}],"wp:attachment":[{"href":"http:\/\/wgphoto.pl\/t\/index.php?rest_route=%2Fwp%2Fv2%2Fmedia&parent=12674"}],"wp:term":[{"taxonomy":"category","embeddable":true,"href":"http:\/\/wgphoto.pl\/t\/index.php?rest_route=%2Fwp%2Fv2%2Fcategories&post=12674"},{"taxonomy":"post_tag","embeddable":true,"href":"http:\/\/wgphoto.pl\/t\/index.php?rest_route=%2Fwp%2Fv2%2Ftags&post=12674"}],"curies":[{"name":"wp","href":"https:\/\/api.w.org\/{rel}","templated":true}]}}