{"id":12677,"date":"2025-02-22T19:14:43","date_gmt":"2025-02-22T18:14:43","guid":{"rendered":"https:\/\/wgphoto.pl\/t\/?p=12677"},"modified":"2025-02-22T19:14:43","modified_gmt":"2025-02-22T18:14:43","slug":"nasyp-po-kolei","status":"publish","type":"post","link":"http:\/\/wgphoto.pl\/t\/?p=12677","title":{"rendered":"Nasyp po kolei"},"content":{"rendered":"\n<figure class=\"wp-block-image aligncenter size-full\"><img loading=\"lazy\" decoding=\"async\" width=\"1024\" height=\"686\" src=\"https:\/\/wgphoto.pl\/t\/wp-content\/uploads\/2025\/02\/imgp6768-10.jpg\" alt=\"\" class=\"wp-image-12678\" srcset=\"http:\/\/wgphoto.pl\/t\/wp-content\/uploads\/2025\/02\/imgp6768-10.jpg 1024w, http:\/\/wgphoto.pl\/t\/wp-content\/uploads\/2025\/02\/imgp6768-10-300x201.jpg 300w, http:\/\/wgphoto.pl\/t\/wp-content\/uploads\/2025\/02\/imgp6768-10-768x515.jpg 768w\" sizes=\"auto, (max-width: 1024px) 100vw, 1024px\" \/><\/figure>\n\n\n\n<div class=\"wp-block-group has-global-padding is-layout-constrained wp-block-group-is-layout-constrained\">\n<p>MP109 w trakcie zmiany kierunku na kra\u0144cu linii C &#8211; ISMAI. W tym miejscu trasa metra prowadzi nasypem kolejowym, a w krzakach, na przed\u0142u\u017ceniu tor\u00f3w zako\u0144czonych koz\u0142ami oporowymi, wida\u0107 wyra\u017ane \u015blady biegn\u0105cego dalej torowiska. 02.09.2010<\/p>\n<\/div>\n","protected":false},"excerpt":{"rendered":"<p>MP109 w trakcie zmiany kierunku na kra\u0144cu linii C &#8211; ISMAI. W tym miejscu trasa metra prowadzi nasypem kolejowym, a w krzakach, na przed\u0142u\u017ceniu tor\u00f3w zako\u0144czonych koz\u0142ami oporowymi, wida\u0107 wyra\u017ane \u015blady biegn\u0105cego dalej torowiska. 02.09.2010<\/p>\n","protected":false},"author":1,"featured_media":12678,"comment_status":"open","ping_status":"","sticky":false,"template":"","format":"standard","meta":{"footnotes":""},"categories":[4,86,3],"tags":[1198,683,504,503,297],"class_list":["post-12677","post","type-post","status-publish","format-standard","has-post-thumbnail","hentry","category-metro","category-rok-2010","category-tramwaj","tag-2010-09-02","tag-bombardier-flexity-swift","tag-metro-do-porto","tag-porto","tag-portugalia"],"_links":{"self":[{"href":"http:\/\/wgphoto.pl\/t\/index.php?rest_route=\/wp\/v2\/posts\/12677","targetHints":{"allow":["GET"]}}],"collection":[{"href":"http:\/\/wgphoto.pl\/t\/index.php?rest_route=\/wp\/v2\/posts"}],"about":[{"href":"http:\/\/wgphoto.pl\/t\/index.php?rest_route=\/wp\/v2\/types\/post"}],"author":[{"embeddable":true,"href":"http:\/\/wgphoto.pl\/t\/index.php?rest_route=\/wp\/v2\/users\/1"}],"replies":[{"embeddable":true,"href":"http:\/\/wgphoto.pl\/t\/index.php?rest_route=%2Fwp%2Fv2%2Fcomments&post=12677"}],"version-history":[{"count":1,"href":"http:\/\/wgphoto.pl\/t\/index.php?rest_route=\/wp\/v2\/posts\/12677\/revisions"}],"predecessor-version":[{"id":12679,"href":"http:\/\/wgphoto.pl\/t\/index.php?rest_route=\/wp\/v2\/posts\/12677\/revisions\/12679"}],"wp:featuredmedia":[{"embeddable":true,"href":"http:\/\/wgphoto.pl\/t\/index.php?rest_route=\/wp\/v2\/media\/12678"}],"wp:attachment":[{"href":"http:\/\/wgphoto.pl\/t\/index.php?rest_route=%2Fwp%2Fv2%2Fmedia&parent=12677"}],"wp:term":[{"taxonomy":"category","embeddable":true,"href":"http:\/\/wgphoto.pl\/t\/index.php?rest_route=%2Fwp%2Fv2%2Fcategories&post=12677"},{"taxonomy":"post_tag","embeddable":true,"href":"http:\/\/wgphoto.pl\/t\/index.php?rest_route=%2Fwp%2Fv2%2Ftags&post=12677"}],"curies":[{"name":"wp","href":"https:\/\/api.w.org\/{rel}","templated":true}]}}