{"id":12698,"date":"2025-02-22T19:21:53","date_gmt":"2025-02-22T18:21:53","guid":{"rendered":"https:\/\/wgphoto.pl\/t\/?p=12698"},"modified":"2025-02-22T19:21:53","modified_gmt":"2025-02-22T18:21:53","slug":"stora-essingen","status":"publish","type":"post","link":"http:\/\/wgphoto.pl\/t\/?p=12698","title":{"rendered":"Stora Essingen"},"content":{"rendered":"\n<figure class=\"wp-block-image aligncenter size-full\"><img loading=\"lazy\" decoding=\"async\" width=\"1023\" height=\"683\" src=\"https:\/\/wgphoto.pl\/t\/wp-content\/uploads\/2025\/02\/imgp5646.jpg\" alt=\"\" class=\"wp-image-12699\" srcset=\"http:\/\/wgphoto.pl\/t\/wp-content\/uploads\/2025\/02\/imgp5646.jpg 1023w, http:\/\/wgphoto.pl\/t\/wp-content\/uploads\/2025\/02\/imgp5646-300x200.jpg 300w, http:\/\/wgphoto.pl\/t\/wp-content\/uploads\/2025\/02\/imgp5646-768x513.jpg 768w\" sizes=\"auto, (max-width: 1023px) 100vw, 1023px\" \/><\/figure>\n\n\n\n<div class=\"wp-block-group has-global-padding is-layout-constrained wp-block-group-is-layout-constrained\">\n<p>Zestaw 403+401 odjecha\u0142 z jedynego przystanku na wyspie Stora Essingen i zmerza w kierunku Gr\u00f6ndal. Jak na ponury poranek z zacinaj\u0105cym deszczem ze \u015bniegiem, powy\u017csze foto prezentuje si\u0119 bez wi\u0119kszej obr\u00f3bki nadzwyczaj kolorowo. 07.12.2011<\/p>\n<\/div>\n","protected":false},"excerpt":{"rendered":"<p>Zestaw 403+401 odjecha\u0142 z jedynego przystanku na wyspie Stora Essingen i zmerza w kierunku Gr\u00f6ndal. Jak na ponury poranek z zacinaj\u0105cym deszczem ze \u015bniegiem, powy\u017csze foto prezentuje si\u0119 bez wi\u0119kszej obr\u00f3bki nadzwyczaj kolorowo. 07.12.2011<\/p>\n","protected":false},"author":1,"featured_media":12699,"comment_status":"open","ping_status":"","sticky":false,"template":"","format":"standard","meta":{"footnotes":""},"categories":[77,3],"tags":[1128,683,143,682,686,685,688],"class_list":["post-12698","post","type-post","status-publish","format-standard","has-post-thumbnail","hentry","category-rok-2011","category-tramwaj","tag-2011-12-07","tag-bombardier-flexity-swift","tag-ponad-30m","tag-sl-stockholm","tag-sztokholm","tag-szwecja","tag-tvarbanan"],"_links":{"self":[{"href":"http:\/\/wgphoto.pl\/t\/index.php?rest_route=\/wp\/v2\/posts\/12698","targetHints":{"allow":["GET"]}}],"collection":[{"href":"http:\/\/wgphoto.pl\/t\/index.php?rest_route=\/wp\/v2\/posts"}],"about":[{"href":"http:\/\/wgphoto.pl\/t\/index.php?rest_route=\/wp\/v2\/types\/post"}],"author":[{"embeddable":true,"href":"http:\/\/wgphoto.pl\/t\/index.php?rest_route=\/wp\/v2\/users\/1"}],"replies":[{"embeddable":true,"href":"http:\/\/wgphoto.pl\/t\/index.php?rest_route=%2Fwp%2Fv2%2Fcomments&post=12698"}],"version-history":[{"count":1,"href":"http:\/\/wgphoto.pl\/t\/index.php?rest_route=\/wp\/v2\/posts\/12698\/revisions"}],"predecessor-version":[{"id":12700,"href":"http:\/\/wgphoto.pl\/t\/index.php?rest_route=\/wp\/v2\/posts\/12698\/revisions\/12700"}],"wp:featuredmedia":[{"embeddable":true,"href":"http:\/\/wgphoto.pl\/t\/index.php?rest_route=\/wp\/v2\/media\/12699"}],"wp:attachment":[{"href":"http:\/\/wgphoto.pl\/t\/index.php?rest_route=%2Fwp%2Fv2%2Fmedia&parent=12698"}],"wp:term":[{"taxonomy":"category","embeddable":true,"href":"http:\/\/wgphoto.pl\/t\/index.php?rest_route=%2Fwp%2Fv2%2Fcategories&post=12698"},{"taxonomy":"post_tag","embeddable":true,"href":"http:\/\/wgphoto.pl\/t\/index.php?rest_route=%2Fwp%2Fv2%2Ftags&post=12698"}],"curies":[{"name":"wp","href":"https:\/\/api.w.org\/{rel}","templated":true}]}}