{"id":12704,"date":"2025-02-22T19:23:56","date_gmt":"2025-02-22T18:23:56","guid":{"rendered":"https:\/\/wgphoto.pl\/t\/?p=12704"},"modified":"2025-02-22T19:23:56","modified_gmt":"2025-02-22T18:23:56","slug":"arstadal-dwa","status":"publish","type":"post","link":"http:\/\/wgphoto.pl\/t\/?p=12704","title":{"rendered":"\u00c5rstadal dwa"},"content":{"rendered":"\n<figure class=\"wp-block-image aligncenter size-full\"><img loading=\"lazy\" decoding=\"async\" width=\"1024\" height=\"684\" src=\"https:\/\/wgphoto.pl\/t\/wp-content\/uploads\/2025\/02\/imgp6063.jpg\" alt=\"\" class=\"wp-image-12705\" srcset=\"http:\/\/wgphoto.pl\/t\/wp-content\/uploads\/2025\/02\/imgp6063.jpg 1024w, http:\/\/wgphoto.pl\/t\/wp-content\/uploads\/2025\/02\/imgp6063-300x200.jpg 300w, http:\/\/wgphoto.pl\/t\/wp-content\/uploads\/2025\/02\/imgp6063-768x513.jpg 768w\" sizes=\"auto, (max-width: 1024px) 100vw, 1024px\" \/><\/figure>\n\n\n\n<div class=\"wp-block-group has-global-padding is-layout-constrained wp-block-group-is-layout-constrained\">\n<p>\u00c5rstadal &#8211; Liljeholmen. Zestaw 405+424 wyjecha\u0142 z tunelu zbudowanego specjalnie dla Tv\u00e4rbanan, za chwil\u0119 pokona kilkaset metr\u00f3w po \u015bladzie dawnej linii kolejowej, by nast\u0119pnie wjecha\u0107 niczym zwyczajny tramwaj na ulic\u0119. 09.12.2011<\/p>\n<\/div>\n","protected":false},"excerpt":{"rendered":"<p>\u00c5rstadal &#8211; Liljeholmen. Zestaw 405+424 wyjecha\u0142 z tunelu zbudowanego specjalnie dla Tv\u00e4rbanan, za chwil\u0119 pokona kilkaset metr\u00f3w po \u015bladzie dawnej linii kolejowej, by nast\u0119pnie wjecha\u0107 niczym zwyczajny tramwaj na ulic\u0119. 09.12.2011<\/p>\n","protected":false},"author":1,"featured_media":12705,"comment_status":"open","ping_status":"","sticky":false,"template":"","format":"standard","meta":{"footnotes":""},"categories":[77,3],"tags":[718,683,143,682,686,685,15,688],"class_list":["post-12704","post","type-post","status-publish","format-standard","has-post-thumbnail","hentry","category-rok-2011","category-tramwaj","tag-2011-12-09","tag-bombardier-flexity-swift","tag-ponad-30m","tag-sl-stockholm","tag-sztokholm","tag-szwecja","tag-tunel","tag-tvarbanan"],"_links":{"self":[{"href":"http:\/\/wgphoto.pl\/t\/index.php?rest_route=\/wp\/v2\/posts\/12704","targetHints":{"allow":["GET"]}}],"collection":[{"href":"http:\/\/wgphoto.pl\/t\/index.php?rest_route=\/wp\/v2\/posts"}],"about":[{"href":"http:\/\/wgphoto.pl\/t\/index.php?rest_route=\/wp\/v2\/types\/post"}],"author":[{"embeddable":true,"href":"http:\/\/wgphoto.pl\/t\/index.php?rest_route=\/wp\/v2\/users\/1"}],"replies":[{"embeddable":true,"href":"http:\/\/wgphoto.pl\/t\/index.php?rest_route=%2Fwp%2Fv2%2Fcomments&post=12704"}],"version-history":[{"count":1,"href":"http:\/\/wgphoto.pl\/t\/index.php?rest_route=\/wp\/v2\/posts\/12704\/revisions"}],"predecessor-version":[{"id":12706,"href":"http:\/\/wgphoto.pl\/t\/index.php?rest_route=\/wp\/v2\/posts\/12704\/revisions\/12706"}],"wp:featuredmedia":[{"embeddable":true,"href":"http:\/\/wgphoto.pl\/t\/index.php?rest_route=\/wp\/v2\/media\/12705"}],"wp:attachment":[{"href":"http:\/\/wgphoto.pl\/t\/index.php?rest_route=%2Fwp%2Fv2%2Fmedia&parent=12704"}],"wp:term":[{"taxonomy":"category","embeddable":true,"href":"http:\/\/wgphoto.pl\/t\/index.php?rest_route=%2Fwp%2Fv2%2Fcategories&post=12704"},{"taxonomy":"post_tag","embeddable":true,"href":"http:\/\/wgphoto.pl\/t\/index.php?rest_route=%2Fwp%2Fv2%2Ftags&post=12704"}],"curies":[{"name":"wp","href":"https:\/\/api.w.org\/{rel}","templated":true}]}}