{"id":12713,"date":"2025-02-22T19:29:04","date_gmt":"2025-02-22T18:29:04","guid":{"rendered":"https:\/\/wgphoto.pl\/t\/?p=12713"},"modified":"2025-02-22T19:29:04","modified_gmt":"2025-02-22T18:29:04","slug":"prawie-jak-wieden","status":"publish","type":"post","link":"http:\/\/wgphoto.pl\/t\/?p=12713","title":{"rendered":"Prawie jak Wiede\u0144"},"content":{"rendered":"\n<figure class=\"wp-block-image aligncenter size-full\"><img loading=\"lazy\" decoding=\"async\" width=\"1200\" height=\"795\" src=\"https:\/\/wgphoto.pl\/t\/wp-content\/uploads\/2025\/02\/IMGP8214-1.jpg\" alt=\"\" class=\"wp-image-12714\" srcset=\"http:\/\/wgphoto.pl\/t\/wp-content\/uploads\/2025\/02\/IMGP8214-1.jpg 1200w, http:\/\/wgphoto.pl\/t\/wp-content\/uploads\/2025\/02\/IMGP8214-1-300x199.jpg 300w, http:\/\/wgphoto.pl\/t\/wp-content\/uploads\/2025\/02\/IMGP8214-1-768x509.jpg 768w\" sizes=\"auto, (max-width: 1200px) 100vw, 1200px\" \/><\/figure>\n\n\n\n<div class=\"wp-block-group has-global-padding is-layout-constrained wp-block-group-is-layout-constrained\">\n<p>Linia M1 stambulskiego metra obs\u0142ugiwana jest wagonami w zasadzie tramwajowymi. To dosy\u0107 dziwna konstrukcja, spotykana na \u015bwiecie chyba tylko tu, maj\u0105ca ewidentnie co\u015b wsp\u00f3lnego z wagonami serii U wiede\u0144skiego metra. Nie tylko charakterystyczne \u015bwiat\u0142a, ale te\u017c identycznie brzmi\u0105cy i zachowuj\u0105cy si\u0119 nap\u0119d, pewne drobiazgi konstrukcyjne, a nawet wiede\u0144ska czcionka numeru taborowego (tego na dole) przywo\u0142ywa\u0142y mi na my\u015bl doskonale znane z Austrii pojazdy. Dodatkowo odcinek przed stacj\u0105 DTM &#8211; \u0130stanbul Fuar Merkezi, przebiegaj\u0105cy po estakadzie w\u015br\u00f3d wie\u017cowc\u00f3w, jak \u017cywo przypomina wiede\u0144skie U1 w okolicach Kaiserm\u00fchlen i Kagran. 11.10.2016<\/p>\n<\/div>\n","protected":false},"excerpt":{"rendered":"<p>Linia M1 stambulskiego metra obs\u0142ugiwana jest wagonami w zasadzie tramwajowymi. To dosy\u0107 dziwna konstrukcja, spotykana na \u015bwiecie chyba tylko tu, maj\u0105ca ewidentnie co\u015b wsp\u00f3lnego z wagonami serii U wiede\u0144skiego metra. Nie tylko charakterystyczne \u015bwiat\u0142a, ale te\u017c identycznie brzmi\u0105cy i zachowuj\u0105cy si\u0119 nap\u0119d, pewne drobiazgi konstrukcyjne, a nawet wiede\u0144ska czcionka numeru taborowego (tego na dole) przywo\u0142ywa\u0142y [&hellip;]<\/p>\n","protected":false},"author":1,"featured_media":12714,"comment_status":"open","ping_status":"","sticky":false,"template":"","format":"standard","meta":{"footnotes":""},"categories":[4,125],"tags":[2385,34,3248,1670,927,931],"class_list":["post-12713","post","type-post","status-publish","format-standard","has-post-thumbnail","hentry","category-metro","category-rok-2016","tag-2016-10-11","tag-architektura","tag-metro-istanbul","tag-stambul","tag-turcja","tag-turcja-2016"],"_links":{"self":[{"href":"http:\/\/wgphoto.pl\/t\/index.php?rest_route=\/wp\/v2\/posts\/12713","targetHints":{"allow":["GET"]}}],"collection":[{"href":"http:\/\/wgphoto.pl\/t\/index.php?rest_route=\/wp\/v2\/posts"}],"about":[{"href":"http:\/\/wgphoto.pl\/t\/index.php?rest_route=\/wp\/v2\/types\/post"}],"author":[{"embeddable":true,"href":"http:\/\/wgphoto.pl\/t\/index.php?rest_route=\/wp\/v2\/users\/1"}],"replies":[{"embeddable":true,"href":"http:\/\/wgphoto.pl\/t\/index.php?rest_route=%2Fwp%2Fv2%2Fcomments&post=12713"}],"version-history":[{"count":1,"href":"http:\/\/wgphoto.pl\/t\/index.php?rest_route=\/wp\/v2\/posts\/12713\/revisions"}],"predecessor-version":[{"id":12715,"href":"http:\/\/wgphoto.pl\/t\/index.php?rest_route=\/wp\/v2\/posts\/12713\/revisions\/12715"}],"wp:featuredmedia":[{"embeddable":true,"href":"http:\/\/wgphoto.pl\/t\/index.php?rest_route=\/wp\/v2\/media\/12714"}],"wp:attachment":[{"href":"http:\/\/wgphoto.pl\/t\/index.php?rest_route=%2Fwp%2Fv2%2Fmedia&parent=12713"}],"wp:term":[{"taxonomy":"category","embeddable":true,"href":"http:\/\/wgphoto.pl\/t\/index.php?rest_route=%2Fwp%2Fv2%2Fcategories&post=12713"},{"taxonomy":"post_tag","embeddable":true,"href":"http:\/\/wgphoto.pl\/t\/index.php?rest_route=%2Fwp%2Fv2%2Ftags&post=12713"}],"curies":[{"name":"wp","href":"https:\/\/api.w.org\/{rel}","templated":true}]}}