{"id":12716,"date":"2025-02-22T19:30:42","date_gmt":"2025-02-22T18:30:42","guid":{"rendered":"https:\/\/wgphoto.pl\/t\/?p=12716"},"modified":"2025-02-22T20:18:29","modified_gmt":"2025-02-22T19:18:29","slug":"zloty-rog","status":"publish","type":"post","link":"http:\/\/wgphoto.pl\/t\/?p=12716","title":{"rendered":"Z\u0142oty R\u00f3g"},"content":{"rendered":"\n<figure class=\"wp-block-image aligncenter size-full\"><img loading=\"lazy\" decoding=\"async\" width=\"1200\" height=\"795\" src=\"https:\/\/wgphoto.pl\/t\/wp-content\/uploads\/2025\/02\/IMGP7062.jpg\" alt=\"\" class=\"wp-image-12717\" srcset=\"http:\/\/wgphoto.pl\/t\/wp-content\/uploads\/2025\/02\/IMGP7062.jpg 1200w, http:\/\/wgphoto.pl\/t\/wp-content\/uploads\/2025\/02\/IMGP7062-300x199.jpg 300w, http:\/\/wgphoto.pl\/t\/wp-content\/uploads\/2025\/02\/IMGP7062-768x509.jpg 768w\" sizes=\"auto, (max-width: 1200px) 100vw, 1200px\" \/><\/figure>\n\n\n\n<div class=\"wp-block-group has-global-padding is-layout-constrained wp-block-group-is-layout-constrained\">\n<p>Poci\u0105g linii M2 przekracza wody zatoki Z\u0142oty R\u00f3g i zaraz zatrzyma si\u0119 na stacji o swojsko brzmi\u0105cej nazwie Hali\u00e7 (czyt. Halicz &#8211; niczym bieszczadzki szczyt). W tle po prawej widoczna jest Wie\u017ca Galata &#8211; jeden z symboli miasta, natomiast na pierwszym planie znalaz\u0142y si\u0119 zabudowania bardzo biednej dzielnicy Fatih.<br><br>W Stambule funkcjonowa\u0142o w 2016 roku 5 linii metra. Pierwsza, otwarta w 1989 roku, nieco si\u0119 r\u00f3\u017cni od pozosta\u0142ych, gdy\u017c obs\u0142ugiwana jest taborem zbli\u017conym do tramwajowego i posiada sporo naziemnych odcink\u00f3w (co\u015b jak wiede\u0144skie U6). Pierwsz\u0105 lini\u0119 &#8222;prawdziwego&#8221; metra otwarto w 2000 roku. Prezentowany wy\u017cej odcinek uruchomiono w roku 2014 i jest to jedyny fragment &#8222;prawdziwego&#8221; metra poprowadzony nad ziemi\u0105. 05.10.2016<\/p>\n<\/div>\n","protected":false},"excerpt":{"rendered":"<p>Poci\u0105g linii M2 przekracza wody zatoki Z\u0142oty R\u00f3g i zaraz zatrzyma si\u0119 na stacji o swojsko brzmi\u0105cej nazwie Hali\u00e7 (czyt. Halicz &#8211; niczym bieszczadzki szczyt). W tle po prawej widoczna jest Wie\u017ca Galata &#8211; jeden z symboli miasta, natomiast na pierwszym planie znalaz\u0142y si\u0119 zabudowania bardzo biednej dzielnicy Fatih. W Stambule funkcjonowa\u0142o w 2016 roku [&hellip;]<\/p>\n","protected":false},"author":1,"featured_media":12717,"comment_status":"open","ping_status":"","sticky":false,"template":"","format":"standard","meta":{"footnotes":""},"categories":[4,125],"tags":[1671,113,3248,116,45,1670,927,931],"class_list":["post-12716","post","type-post","status-publish","format-standard","has-post-thumbnail","hentry","category-metro","category-rok-2016","tag-2016-10-05","tag-landszaft","tag-metro-istanbul","tag-morze","tag-most","tag-stambul","tag-turcja","tag-turcja-2016"],"_links":{"self":[{"href":"http:\/\/wgphoto.pl\/t\/index.php?rest_route=\/wp\/v2\/posts\/12716","targetHints":{"allow":["GET"]}}],"collection":[{"href":"http:\/\/wgphoto.pl\/t\/index.php?rest_route=\/wp\/v2\/posts"}],"about":[{"href":"http:\/\/wgphoto.pl\/t\/index.php?rest_route=\/wp\/v2\/types\/post"}],"author":[{"embeddable":true,"href":"http:\/\/wgphoto.pl\/t\/index.php?rest_route=\/wp\/v2\/users\/1"}],"replies":[{"embeddable":true,"href":"http:\/\/wgphoto.pl\/t\/index.php?rest_route=%2Fwp%2Fv2%2Fcomments&post=12716"}],"version-history":[{"count":1,"href":"http:\/\/wgphoto.pl\/t\/index.php?rest_route=\/wp\/v2\/posts\/12716\/revisions"}],"predecessor-version":[{"id":12718,"href":"http:\/\/wgphoto.pl\/t\/index.php?rest_route=\/wp\/v2\/posts\/12716\/revisions\/12718"}],"wp:featuredmedia":[{"embeddable":true,"href":"http:\/\/wgphoto.pl\/t\/index.php?rest_route=\/wp\/v2\/media\/12717"}],"wp:attachment":[{"href":"http:\/\/wgphoto.pl\/t\/index.php?rest_route=%2Fwp%2Fv2%2Fmedia&parent=12716"}],"wp:term":[{"taxonomy":"category","embeddable":true,"href":"http:\/\/wgphoto.pl\/t\/index.php?rest_route=%2Fwp%2Fv2%2Fcategories&post=12716"},{"taxonomy":"post_tag","embeddable":true,"href":"http:\/\/wgphoto.pl\/t\/index.php?rest_route=%2Fwp%2Fv2%2Ftags&post=12716"}],"curies":[{"name":"wp","href":"https:\/\/api.w.org\/{rel}","templated":true}]}}