{"id":12734,"date":"2025-02-23T11:39:23","date_gmt":"2025-02-23T10:39:23","guid":{"rendered":"https:\/\/wgphoto.pl\/t\/?p=12734"},"modified":"2025-02-23T11:39:23","modified_gmt":"2025-02-23T10:39:23","slug":"skovice","status":"publish","type":"post","link":"http:\/\/wgphoto.pl\/t\/?p=12734","title":{"rendered":"Skovice"},"content":{"rendered":"\n<figure class=\"wp-block-image aligncenter size-full\"><img loading=\"lazy\" decoding=\"async\" width=\"1200\" height=\"803\" src=\"https:\/\/wgphoto.pl\/t\/wp-content\/uploads\/2025\/02\/imgp8810.jpg\" alt=\"\" class=\"wp-image-12735\" srcset=\"http:\/\/wgphoto.pl\/t\/wp-content\/uploads\/2025\/02\/imgp8810.jpg 1200w, http:\/\/wgphoto.pl\/t\/wp-content\/uploads\/2025\/02\/imgp8810-300x201.jpg 300w, http:\/\/wgphoto.pl\/t\/wp-content\/uploads\/2025\/02\/imgp8810-768x514.jpg 768w\" sizes=\"auto, (max-width: 1200px) 100vw, 1200px\" \/><\/figure>\n\n\n\n<div class=\"wp-block-group has-global-padding is-layout-constrained wp-block-group-is-layout-constrained\">\n<p>Oto, prosz\u0119 szanownych pa\u0144stwa, widok na stacj\u0119 Skovice w ca\u0142ej jej okaza\u0142o\u015bci. Stacja jest po\u0142o\u017cona <a href=\"http:\/\/mapy.cz\/s\/5tBk\" target=\"_BLANK\" rel=\"noreferrer noopener\">po\u015brodku niczego<\/a>. \u017be odbywaj\u0105 si\u0119 tu krzy\u017cowania motorak\u00f3w &#8211; to mo\u017cna wyczyta\u0107 z rozk\u0142adu jazdy. Ale \u017ce zaznaczana na mapach ok. 3-kilometrowa odnoga do miejscowo\u015bci Vrdy jest wci\u0105\u017c czynna w ruchu towarowym, a zatem prezentowane w\u0142a\u015bnie Skovice, ze swoimi urz\u0105dzeniami kluczowymi, pozbawione semafor\u00f3w oraz jakiejkolwiek obs\u0142ugi (klucze przywozi obs\u0142uga poci\u0105g\u00f3w), s\u0105 stacj\u0105 w\u0119z\u0142ow\u0105 &#8211; to by\u0142o dla mnie zaskoczeniem niema\u0142ym. 810 635-3 jako poc. 15919 rel. \u010c\u00e1slav &#8211; T\u0159emo\u0161nice wjecha\u0142 na tor boczny, gdzie b\u0119dzie oczekiwa\u0142 na krzy\u017cowanie z kursem relacji przeciwnej. Taka sytuacja ma miejsce dwukrotnie w ci\u0105gu doby roboczej (przy ruchu w ilo\u015bci 11 par) i mo\u017cna by j\u0105 wspaniale sfotografowa\u0107 z pasmem G\u00f3r \u017belaznych w tle, u podn\u00f3\u017ca kt\u00f3rych le\u017c\u0105 ko\u0144cowe T\u0159emo\u0161nice, gdyby fotograf nie mia\u0142 zamiaru wsiada\u0107 w kt\u00f3ry\u015b z krzy\u017cuj\u0105cych motorak\u00f3w. 20.06.2012<\/p>\n<\/div>\n","protected":false},"excerpt":{"rendered":"<p>Oto, prosz\u0119 szanownych pa\u0144stwa, widok na stacj\u0119 Skovice w ca\u0142ej jej okaza\u0142o\u015bci. Stacja jest po\u0142o\u017cona po\u015brodku niczego. \u017be odbywaj\u0105 si\u0119 tu krzy\u017cowania motorak\u00f3w &#8211; to mo\u017cna wyczyta\u0107 z rozk\u0142adu jazdy. Ale \u017ce zaznaczana na mapach ok. 3-kilometrowa odnoga do miejscowo\u015bci Vrdy jest wci\u0105\u017c czynna w ruchu towarowym, a zatem prezentowane w\u0142a\u015bnie Skovice, ze swoimi urz\u0105dzeniami [&hellip;]<\/p>\n","protected":false},"author":1,"featured_media":12735,"comment_status":"open","ping_status":"","sticky":false,"template":"","format":"standard","meta":{"footnotes":""},"categories":[2,46],"tags":[1733,92,50,49,173,196,1186,1732,1734],"class_list":["post-12734","post","type-post","status-publish","format-standard","has-post-thumbnail","hentry","category-kolej","category-rok-2012","tag-2012-06-20","tag-92","tag-cd","tag-czechy","tag-koncowki","tag-linie-raczej-lokalne","tag-na-wsiadanego","tag-skovice","tag-tab-cz236"],"_links":{"self":[{"href":"http:\/\/wgphoto.pl\/t\/index.php?rest_route=\/wp\/v2\/posts\/12734","targetHints":{"allow":["GET"]}}],"collection":[{"href":"http:\/\/wgphoto.pl\/t\/index.php?rest_route=\/wp\/v2\/posts"}],"about":[{"href":"http:\/\/wgphoto.pl\/t\/index.php?rest_route=\/wp\/v2\/types\/post"}],"author":[{"embeddable":true,"href":"http:\/\/wgphoto.pl\/t\/index.php?rest_route=\/wp\/v2\/users\/1"}],"replies":[{"embeddable":true,"href":"http:\/\/wgphoto.pl\/t\/index.php?rest_route=%2Fwp%2Fv2%2Fcomments&post=12734"}],"version-history":[{"count":1,"href":"http:\/\/wgphoto.pl\/t\/index.php?rest_route=\/wp\/v2\/posts\/12734\/revisions"}],"predecessor-version":[{"id":12736,"href":"http:\/\/wgphoto.pl\/t\/index.php?rest_route=\/wp\/v2\/posts\/12734\/revisions\/12736"}],"wp:featuredmedia":[{"embeddable":true,"href":"http:\/\/wgphoto.pl\/t\/index.php?rest_route=\/wp\/v2\/media\/12735"}],"wp:attachment":[{"href":"http:\/\/wgphoto.pl\/t\/index.php?rest_route=%2Fwp%2Fv2%2Fmedia&parent=12734"}],"wp:term":[{"taxonomy":"category","embeddable":true,"href":"http:\/\/wgphoto.pl\/t\/index.php?rest_route=%2Fwp%2Fv2%2Fcategories&post=12734"},{"taxonomy":"post_tag","embeddable":true,"href":"http:\/\/wgphoto.pl\/t\/index.php?rest_route=%2Fwp%2Fv2%2Ftags&post=12734"}],"curies":[{"name":"wp","href":"https:\/\/api.w.org\/{rel}","templated":true}]}}