{"id":12780,"date":"2025-02-23T12:11:32","date_gmt":"2025-02-23T11:11:32","guid":{"rendered":"https:\/\/wgphoto.pl\/t\/?p=12780"},"modified":"2025-02-23T12:11:32","modified_gmt":"2025-02-23T11:11:32","slug":"droga-wolna-do-starkoce","status":"publish","type":"post","link":"http:\/\/wgphoto.pl\/t\/?p=12780","title":{"rendered":"Droga wolna do Starko\u010de"},"content":{"rendered":"\n<figure class=\"wp-block-image aligncenter size-full\"><img loading=\"lazy\" decoding=\"async\" width=\"1024\" height=\"684\" src=\"https:\/\/wgphoto.pl\/t\/wp-content\/uploads\/2025\/02\/imgp0093a.jpg\" alt=\"\" class=\"wp-image-12781\" srcset=\"http:\/\/wgphoto.pl\/t\/wp-content\/uploads\/2025\/02\/imgp0093a.jpg 1024w, http:\/\/wgphoto.pl\/t\/wp-content\/uploads\/2025\/02\/imgp0093a-300x200.jpg 300w, http:\/\/wgphoto.pl\/t\/wp-content\/uploads\/2025\/02\/imgp0093a-768x513.jpg 768w\" sizes=\"auto, (max-width: 1024px) 100vw, 1024px\" \/><\/figure>\n\n\n\n<div class=\"wp-block-group has-global-padding is-layout-constrained wp-block-group-is-layout-constrained\">\n<p>\u010cerven\u00fd Kostelec. Rychlik 854 &#8222;Cidlina&#8221; z Trutnova do Pragi otrzymawszy stosowny sygna\u0142 na grupowym semaforze wyjazdowym wyrusza na szlak do Starko\u010de. Obecnie kszta\u0142towych semafor\u00f3w na prezentowanej stacji ju\u017c nie znajdziemy. 27.09.2009<\/p>\n<\/div>\n","protected":false},"excerpt":{"rendered":"<p>\u010cerven\u00fd Kostelec. Rychlik 854 &#8222;Cidlina&#8221; z Trutnova do Pragi otrzymawszy stosowny sygna\u0142 na grupowym semaforze wyjazdowym wyrusza na szlak do Starko\u010de. Obecnie kszta\u0142towych semafor\u00f3w na prezentowanej stacji ju\u017c nie znajdziemy. 27.09.2009<\/p>\n","protected":false},"author":1,"featured_media":12781,"comment_status":"open","ping_status":"","sticky":false,"template":"","format":"standard","meta":{"footnotes":""},"categories":[2,169],"tags":[2034,335,50,2035,49,181,53,1917],"class_list":["post-12780","post","type-post","status-publish","format-standard","has-post-thumbnail","hentry","category-kolej","category-rok-2009","tag-2009-09-27","tag-335","tag-cd","tag-cerveny-kostelec","tag-czechy","tag-slonce","tag-sygnalizacja-ksztaltowa","tag-tab-cz032"],"_links":{"self":[{"href":"http:\/\/wgphoto.pl\/t\/index.php?rest_route=\/wp\/v2\/posts\/12780","targetHints":{"allow":["GET"]}}],"collection":[{"href":"http:\/\/wgphoto.pl\/t\/index.php?rest_route=\/wp\/v2\/posts"}],"about":[{"href":"http:\/\/wgphoto.pl\/t\/index.php?rest_route=\/wp\/v2\/types\/post"}],"author":[{"embeddable":true,"href":"http:\/\/wgphoto.pl\/t\/index.php?rest_route=\/wp\/v2\/users\/1"}],"replies":[{"embeddable":true,"href":"http:\/\/wgphoto.pl\/t\/index.php?rest_route=%2Fwp%2Fv2%2Fcomments&post=12780"}],"version-history":[{"count":1,"href":"http:\/\/wgphoto.pl\/t\/index.php?rest_route=\/wp\/v2\/posts\/12780\/revisions"}],"predecessor-version":[{"id":12782,"href":"http:\/\/wgphoto.pl\/t\/index.php?rest_route=\/wp\/v2\/posts\/12780\/revisions\/12782"}],"wp:featuredmedia":[{"embeddable":true,"href":"http:\/\/wgphoto.pl\/t\/index.php?rest_route=\/wp\/v2\/media\/12781"}],"wp:attachment":[{"href":"http:\/\/wgphoto.pl\/t\/index.php?rest_route=%2Fwp%2Fv2%2Fmedia&parent=12780"}],"wp:term":[{"taxonomy":"category","embeddable":true,"href":"http:\/\/wgphoto.pl\/t\/index.php?rest_route=%2Fwp%2Fv2%2Fcategories&post=12780"},{"taxonomy":"post_tag","embeddable":true,"href":"http:\/\/wgphoto.pl\/t\/index.php?rest_route=%2Fwp%2Fv2%2Ftags&post=12780"}],"curies":[{"name":"wp","href":"https:\/\/api.w.org\/{rel}","templated":true}]}}