{"id":12789,"date":"2025-02-23T12:14:42","date_gmt":"2025-02-23T11:14:42","guid":{"rendered":"https:\/\/wgphoto.pl\/t\/?p=12789"},"modified":"2025-02-23T12:14:42","modified_gmt":"2025-02-23T11:14:42","slug":"klasyk-karlovarsky","status":"publish","type":"post","link":"http:\/\/wgphoto.pl\/t\/?p=12789","title":{"rendered":"Klasyk karlovarsk\u00fd"},"content":{"rendered":"\n<figure class=\"wp-block-image aligncenter size-full\"><img loading=\"lazy\" decoding=\"async\" width=\"1024\" height=\"684\" src=\"https:\/\/wgphoto.pl\/t\/wp-content\/uploads\/2025\/02\/imgp9294.jpg\" alt=\"\" class=\"wp-image-12790\" srcset=\"http:\/\/wgphoto.pl\/t\/wp-content\/uploads\/2025\/02\/imgp9294.jpg 1024w, http:\/\/wgphoto.pl\/t\/wp-content\/uploads\/2025\/02\/imgp9294-300x200.jpg 300w, http:\/\/wgphoto.pl\/t\/wp-content\/uploads\/2025\/02\/imgp9294-768x513.jpg 768w\" sizes=\"auto, (max-width: 1024px) 100vw, 1024px\" \/><\/figure>\n\n\n\n<div class=\"wp-block-group has-global-padding is-layout-constrained wp-block-group-is-layout-constrained\">\n<p>Kl\u00e1\u0161terec nad Oh\u0159\u00ed. 242 279-8 za par\u0119 minut wyruszy z poci\u0105giem osobowym 7016 do Chebu. Mi\u0119dzy oddalon\u0105 o 6 kilometr\u00f3w Kadani\u0105 a prezentowanym Klasztercem zlokalizowano granic\u0119 system\u00f3w zasilania, dlatego te\u017c na tej niewielkiej stacji, zelektryfikowanej zreszt\u0105 dopiero w 2006 roku wraz z ca\u0142ym odcinkiem Kada\u0148-Prun\u00e9\u0159ov &#8211; Karlovy Vary, zaczynaj\u0105 bieg osob\u00f3wki przemierzaj\u0105ce nast\u0119pnie t\u0119 jedyn\u0105 zelektryfikowan\u0105 tras\u0119 w wojew\u00f3dztwie karlowarskim. Jak w wielu rejonach kraju, tak i tutaj spotka\u0107 mo\u017cna specyficzne zestawienia sk\u0142ad\u00f3w; w tym przypadku s\u0105 to plech\u00e1\u010de z dwoma wagonami bezprzedzia\u0142owymi przedzielonymi baga\u017cowo-przedzia\u0142owym. Zdaje si\u0119, \u017ce na \u017eelpage by\u0142o info o przej\u0119ciu tej relacji od grudnia przez dwucz\u0142onowe pesy, co oznacza\u0142oby \u017ce takiego zestawienia nie spotkamy ju\u017c w Kl\u00e1\u0161terci nad Oh\u0159\u00ed (opis by\u0142 z 2013 &#8211; owszem od dawna ju\u017c nie spotkamy). 07.09.2009<\/p>\n<\/div>\n","protected":false},"excerpt":{"rendered":"<p>Kl\u00e1\u0161terec nad Oh\u0159\u00ed. 242 279-8 za par\u0119 minut wyruszy z poci\u0105giem osobowym 7016 do Chebu. Mi\u0119dzy oddalon\u0105 o 6 kilometr\u00f3w Kadani\u0105 a prezentowanym Klasztercem zlokalizowano granic\u0119 system\u00f3w zasilania, dlatego te\u017c na tej niewielkiej stacji, zelektryfikowanej zreszt\u0105 dopiero w 2006 roku wraz z ca\u0142ym odcinkiem Kada\u0148-Prun\u00e9\u0159ov &#8211; Karlovy Vary, zaczynaj\u0105 bieg osob\u00f3wki przemierzaj\u0105ce nast\u0119pnie t\u0119 jedyn\u0105 [&hellip;]<\/p>\n","protected":false},"author":1,"featured_media":12790,"comment_status":"open","ping_status":"","sticky":false,"template":"","format":"standard","meta":{"footnotes":""},"categories":[2,169],"tags":[1468,305,50,49,3273,421],"class_list":["post-12789","post","type-post","status-publish","format-standard","has-post-thumbnail","hentry","category-kolej","category-rok-2009","tag-2009-09-07","tag-305","tag-cd","tag-czechy","tag-klasterec-nad-ohri","tag-tab-cz140"],"_links":{"self":[{"href":"http:\/\/wgphoto.pl\/t\/index.php?rest_route=\/wp\/v2\/posts\/12789","targetHints":{"allow":["GET"]}}],"collection":[{"href":"http:\/\/wgphoto.pl\/t\/index.php?rest_route=\/wp\/v2\/posts"}],"about":[{"href":"http:\/\/wgphoto.pl\/t\/index.php?rest_route=\/wp\/v2\/types\/post"}],"author":[{"embeddable":true,"href":"http:\/\/wgphoto.pl\/t\/index.php?rest_route=\/wp\/v2\/users\/1"}],"replies":[{"embeddable":true,"href":"http:\/\/wgphoto.pl\/t\/index.php?rest_route=%2Fwp%2Fv2%2Fcomments&post=12789"}],"version-history":[{"count":1,"href":"http:\/\/wgphoto.pl\/t\/index.php?rest_route=\/wp\/v2\/posts\/12789\/revisions"}],"predecessor-version":[{"id":12791,"href":"http:\/\/wgphoto.pl\/t\/index.php?rest_route=\/wp\/v2\/posts\/12789\/revisions\/12791"}],"wp:featuredmedia":[{"embeddable":true,"href":"http:\/\/wgphoto.pl\/t\/index.php?rest_route=\/wp\/v2\/media\/12790"}],"wp:attachment":[{"href":"http:\/\/wgphoto.pl\/t\/index.php?rest_route=%2Fwp%2Fv2%2Fmedia&parent=12789"}],"wp:term":[{"taxonomy":"category","embeddable":true,"href":"http:\/\/wgphoto.pl\/t\/index.php?rest_route=%2Fwp%2Fv2%2Fcategories&post=12789"},{"taxonomy":"post_tag","embeddable":true,"href":"http:\/\/wgphoto.pl\/t\/index.php?rest_route=%2Fwp%2Fv2%2Ftags&post=12789"}],"curies":[{"name":"wp","href":"https:\/\/api.w.org\/{rel}","templated":true}]}}