{"id":12795,"date":"2025-02-23T12:17:07","date_gmt":"2025-02-23T11:17:07","guid":{"rendered":"https:\/\/wgphoto.pl\/t\/?p=12795"},"modified":"2025-02-23T12:17:07","modified_gmt":"2025-02-23T11:17:07","slug":"alex","status":"publish","type":"post","link":"http:\/\/wgphoto.pl\/t\/?p=12795","title":{"rendered":"Alex"},"content":{"rendered":"\n<figure class=\"wp-block-image aligncenter size-full\"><img loading=\"lazy\" decoding=\"async\" width=\"1024\" height=\"684\" src=\"https:\/\/wgphoto.pl\/t\/wp-content\/uploads\/2025\/02\/imgp0100.jpg\" alt=\"\" class=\"wp-image-12796\" srcset=\"http:\/\/wgphoto.pl\/t\/wp-content\/uploads\/2025\/02\/imgp0100.jpg 1024w, http:\/\/wgphoto.pl\/t\/wp-content\/uploads\/2025\/02\/imgp0100-300x200.jpg 300w, http:\/\/wgphoto.pl\/t\/wp-content\/uploads\/2025\/02\/imgp0100-768x513.jpg 768w\" sizes=\"auto, (max-width: 1024px) 100vw, 1024px\" \/><\/figure>\n\n\n\n<div class=\"wp-block-group has-global-padding is-layout-constrained wp-block-group-is-layout-constrained\">\n<p>223 062 z poci\u0105giem ekspresowym 352 &#8222;Jan Hus&#8221; z Pragi do Norymbergi mija na biegu stacj\u0119 Bl\u00ed\u017eejov. Cztery pary po\u0142\u0105cze\u0144 dziennie (dwie \u0142\u0105cz\u0105ce Prag\u0119 z Norymberg\u0105, dwie kolejne za\u015b &#8211; z Monachium), na terenie Czech je\u017cd\u017c\u0105ce pod bander\u0105 \u010cD, po stronie niemieckiej obs\u0142ugiwane s\u0105 przez tamtejszego prywatnego przewo\u017anika, kt\u00f3ry od czerwca 2009 roku zapewnia obs\u0142ug\u0119 trakcyjn\u0105 a\u017c do Pilzna, tj. 81 km wg\u0142\u0105b kraju. Wcze\u015bniej wspomniane poci\u0105gi obs\u0142ugiwane by\u0142y pilzne\u0144skimi nurkami, st\u0105d te\u017c ich malowanie nawi\u0105zuj\u0105ce do barw Alexa. 2011-04-12<\/p>\n<\/div>\n","protected":false},"excerpt":{"rendered":"<p>223 062 z poci\u0105giem ekspresowym 352 &#8222;Jan Hus&#8221; z Pragi do Norymbergi mija na biegu stacj\u0119 Bl\u00ed\u017eejov. Cztery pary po\u0142\u0105cze\u0144 dziennie (dwie \u0142\u0105cz\u0105ce Prag\u0119 z Norymberg\u0105, dwie kolejne za\u015b &#8211; z Monachium), na terenie Czech je\u017cd\u017c\u0105ce pod bander\u0105 \u010cD, po stronie niemieckiej obs\u0142ugiwane s\u0105 przez tamtejszego prywatnego przewo\u017anika, kt\u00f3ry od czerwca 2009 roku zapewnia obs\u0142ug\u0119 [&hellip;]<\/p>\n","protected":false},"author":1,"featured_media":12796,"comment_status":"open","ping_status":"","sticky":false,"template":"","format":"standard","meta":{"footnotes":""},"categories":[2,77],"tags":[93,3274,3275,1988,2062,49,3026,249,2061],"class_list":["post-12795","post","type-post","status-publish","format-standard","has-post-thumbnail","hentry","category-kolej","category-rok-2011","tag-2011-04-12","tag-3274","tag-alex","tag-arriva","tag-blizejov","tag-czechy","tag-dlb","tag-goscinne-wystepy","tag-tab-cz180"],"_links":{"self":[{"href":"http:\/\/wgphoto.pl\/t\/index.php?rest_route=\/wp\/v2\/posts\/12795","targetHints":{"allow":["GET"]}}],"collection":[{"href":"http:\/\/wgphoto.pl\/t\/index.php?rest_route=\/wp\/v2\/posts"}],"about":[{"href":"http:\/\/wgphoto.pl\/t\/index.php?rest_route=\/wp\/v2\/types\/post"}],"author":[{"embeddable":true,"href":"http:\/\/wgphoto.pl\/t\/index.php?rest_route=\/wp\/v2\/users\/1"}],"replies":[{"embeddable":true,"href":"http:\/\/wgphoto.pl\/t\/index.php?rest_route=%2Fwp%2Fv2%2Fcomments&post=12795"}],"version-history":[{"count":1,"href":"http:\/\/wgphoto.pl\/t\/index.php?rest_route=\/wp\/v2\/posts\/12795\/revisions"}],"predecessor-version":[{"id":12797,"href":"http:\/\/wgphoto.pl\/t\/index.php?rest_route=\/wp\/v2\/posts\/12795\/revisions\/12797"}],"wp:featuredmedia":[{"embeddable":true,"href":"http:\/\/wgphoto.pl\/t\/index.php?rest_route=\/wp\/v2\/media\/12796"}],"wp:attachment":[{"href":"http:\/\/wgphoto.pl\/t\/index.php?rest_route=%2Fwp%2Fv2%2Fmedia&parent=12795"}],"wp:term":[{"taxonomy":"category","embeddable":true,"href":"http:\/\/wgphoto.pl\/t\/index.php?rest_route=%2Fwp%2Fv2%2Fcategories&post=12795"},{"taxonomy":"post_tag","embeddable":true,"href":"http:\/\/wgphoto.pl\/t\/index.php?rest_route=%2Fwp%2Fv2%2Ftags&post=12795"}],"curies":[{"name":"wp","href":"https:\/\/api.w.org\/{rel}","templated":true}]}}