{"id":12801,"date":"2025-02-23T12:59:09","date_gmt":"2025-02-23T11:59:09","guid":{"rendered":"https:\/\/wgphoto.pl\/t\/?p=12801"},"modified":"2025-02-23T12:59:09","modified_gmt":"2025-02-23T11:59:09","slug":"linia-wylaczona","status":"publish","type":"post","link":"http:\/\/wgphoto.pl\/t\/?p=12801","title":{"rendered":"Linia wy\u0142\u0105czona"},"content":{"rendered":"\n<figure class=\"wp-block-image aligncenter size-full\"><img loading=\"lazy\" decoding=\"async\" width=\"1300\" height=\"870\" src=\"https:\/\/wgphoto.pl\/t\/wp-content\/uploads\/2025\/02\/imgp0684.jpg\" alt=\"\" class=\"wp-image-12802\" srcset=\"http:\/\/wgphoto.pl\/t\/wp-content\/uploads\/2025\/02\/imgp0684.jpg 1300w, http:\/\/wgphoto.pl\/t\/wp-content\/uploads\/2025\/02\/imgp0684-300x201.jpg 300w, http:\/\/wgphoto.pl\/t\/wp-content\/uploads\/2025\/02\/imgp0684-768x514.jpg 768w\" sizes=\"auto, (max-width: 1300px) 100vw, 1300px\" \/><\/figure>\n\n\n\n<div class=\"wp-block-group has-global-padding is-layout-constrained wp-block-group-is-layout-constrained\">\n<p>30 sekund z \u017cycia p\u0119tli Grabiszynek. W\u00f3wczas tydzie\u0144 bez linii 24 by\u0142 tygodniem straconym (ile\u017c to ja godzin na tej nudnej trasie wykr\u0119ci\u0142em stodw\u00f3jk\u0105 i wydepta\u0142em stopi\u0105tk\u0105!), a tymczasem przyszed\u0142 7 stycznia roku 2013 i dwadzie\u015bcia cztery zosta\u0142o &#8211; w nowomowie wroc\u0142awskiego UM &#8211; wy\u0142\u0105czone, co po polsku brzmia\u0142oby mniej wi\u0119cej jak &#8222;zlikwidowane&#8221;. EDIT przy okazji podmiany zdj\u0119cia w 2024 r.: p\u00f3\u017aniej 24 by\u0142o jeszcze wielokrotnie odwieszane i zawieszane. 20.11.2009<\/p>\n<\/div>\n","protected":false},"excerpt":{"rendered":"<p>30 sekund z \u017cycia p\u0119tli Grabiszynek. W\u00f3wczas tydzie\u0144 bez linii 24 by\u0142 tygodniem straconym (ile\u017c to ja godzin na tej nudnej trasie wykr\u0119ci\u0142em stodw\u00f3jk\u0105 i wydepta\u0142em stopi\u0105tk\u0105!), a tymczasem przyszed\u0142 7 stycznia roku 2013 i dwadzie\u015bcia cztery zosta\u0142o &#8211; w nowomowie wroc\u0142awskiego UM &#8211; wy\u0142\u0105czone, co po polsku brzmia\u0142oby mniej wi\u0119cej jak &#8222;zlikwidowane&#8221;. EDIT przy [&hellip;]<\/p>\n","protected":false},"author":1,"featured_media":12802,"comment_status":"open","ping_status":"","sticky":false,"template":"","format":"standard","meta":{"footnotes":""},"categories":[169,3],"tags":[155,3276,42,154,27,439,41],"class_list":["post-12801","post","type-post","status-publish","format-standard","has-post-thumbnail","hentry","category-rok-2009","category-tramwaj","tag-105na","tag-2009-11-20","tag-mpk-wroclaw","tag-noc","tag-polska","tag-we-fabryce","tag-wroclaw"],"_links":{"self":[{"href":"http:\/\/wgphoto.pl\/t\/index.php?rest_route=\/wp\/v2\/posts\/12801","targetHints":{"allow":["GET"]}}],"collection":[{"href":"http:\/\/wgphoto.pl\/t\/index.php?rest_route=\/wp\/v2\/posts"}],"about":[{"href":"http:\/\/wgphoto.pl\/t\/index.php?rest_route=\/wp\/v2\/types\/post"}],"author":[{"embeddable":true,"href":"http:\/\/wgphoto.pl\/t\/index.php?rest_route=\/wp\/v2\/users\/1"}],"replies":[{"embeddable":true,"href":"http:\/\/wgphoto.pl\/t\/index.php?rest_route=%2Fwp%2Fv2%2Fcomments&post=12801"}],"version-history":[{"count":1,"href":"http:\/\/wgphoto.pl\/t\/index.php?rest_route=\/wp\/v2\/posts\/12801\/revisions"}],"predecessor-version":[{"id":12803,"href":"http:\/\/wgphoto.pl\/t\/index.php?rest_route=\/wp\/v2\/posts\/12801\/revisions\/12803"}],"wp:featuredmedia":[{"embeddable":true,"href":"http:\/\/wgphoto.pl\/t\/index.php?rest_route=\/wp\/v2\/media\/12802"}],"wp:attachment":[{"href":"http:\/\/wgphoto.pl\/t\/index.php?rest_route=%2Fwp%2Fv2%2Fmedia&parent=12801"}],"wp:term":[{"taxonomy":"category","embeddable":true,"href":"http:\/\/wgphoto.pl\/t\/index.php?rest_route=%2Fwp%2Fv2%2Fcategories&post=12801"},{"taxonomy":"post_tag","embeddable":true,"href":"http:\/\/wgphoto.pl\/t\/index.php?rest_route=%2Fwp%2Fv2%2Ftags&post=12801"}],"curies":[{"name":"wp","href":"https:\/\/api.w.org\/{rel}","templated":true}]}}