{"id":1281,"date":"2024-10-03T16:40:13","date_gmt":"2024-10-03T14:40:13","guid":{"rendered":"https:\/\/wgphoto.pl\/t\/?p=1281"},"modified":"2024-10-13T12:02:55","modified_gmt":"2024-10-13T10:02:55","slug":"deszczowy-poranek-1","status":"publish","type":"post","link":"http:\/\/wgphoto.pl\/t\/?p=1281","title":{"rendered":"Deszczowy poranek (1)"},"content":{"rendered":"\n<figure class=\"wp-block-image aligncenter size-full\"><img loading=\"lazy\" decoding=\"async\" width=\"703\" height=\"1050\" src=\"https:\/\/wgphoto.pl\/t\/wp-content\/uploads\/2024\/10\/IMGP3904-2.jpg\" alt=\"\" class=\"wp-image-1283\" srcset=\"http:\/\/wgphoto.pl\/t\/wp-content\/uploads\/2024\/10\/IMGP3904-2.jpg 703w, http:\/\/wgphoto.pl\/t\/wp-content\/uploads\/2024\/10\/IMGP3904-2-201x300.jpg 201w\" sizes=\"auto, (max-width: 703px) 100vw, 703px\" \/><\/figure>\n\n\n\n<div class=\"wp-block-group has-global-padding is-layout-constrained wp-block-group-is-layout-constrained\">\n<p>Ryga, Akmens tilts, z wie\u017c\u0105 ko\u015bcio\u0142a \u015bw. Piotra. 29.05.2013<\/p>\n<\/div>\n","protected":false},"excerpt":{"rendered":"<p>Ryga, Akmens tilts, z wie\u017c\u0105 ko\u015bcio\u0142a \u015bw. Piotra. 29.05.2013<\/p>\n","protected":false},"author":1,"featured_media":1283,"comment_status":"open","ping_status":"","sticky":false,"template":"","format":"standard","meta":{"footnotes":""},"categories":[128,55,3],"tags":[614,13,612,56,32,176,613,57,1011],"class_list":["post-1281","post","type-post","status-publish","format-standard","has-post-thumbnail","hentry","category-pionowe","category-rok-2013","category-tramwaj","tag-2013-05-29","tag-deszcz","tag-druga-majowka-2013","tag-lotwa","tag-pionowe","tag-rano","tag-rs-riga","tag-ryga","tag-tatra-t3"],"_links":{"self":[{"href":"http:\/\/wgphoto.pl\/t\/index.php?rest_route=\/wp\/v2\/posts\/1281","targetHints":{"allow":["GET"]}}],"collection":[{"href":"http:\/\/wgphoto.pl\/t\/index.php?rest_route=\/wp\/v2\/posts"}],"about":[{"href":"http:\/\/wgphoto.pl\/t\/index.php?rest_route=\/wp\/v2\/types\/post"}],"author":[{"embeddable":true,"href":"http:\/\/wgphoto.pl\/t\/index.php?rest_route=\/wp\/v2\/users\/1"}],"replies":[{"embeddable":true,"href":"http:\/\/wgphoto.pl\/t\/index.php?rest_route=%2Fwp%2Fv2%2Fcomments&post=1281"}],"version-history":[{"count":1,"href":"http:\/\/wgphoto.pl\/t\/index.php?rest_route=\/wp\/v2\/posts\/1281\/revisions"}],"predecessor-version":[{"id":1284,"href":"http:\/\/wgphoto.pl\/t\/index.php?rest_route=\/wp\/v2\/posts\/1281\/revisions\/1284"}],"wp:featuredmedia":[{"embeddable":true,"href":"http:\/\/wgphoto.pl\/t\/index.php?rest_route=\/wp\/v2\/media\/1283"}],"wp:attachment":[{"href":"http:\/\/wgphoto.pl\/t\/index.php?rest_route=%2Fwp%2Fv2%2Fmedia&parent=1281"}],"wp:term":[{"taxonomy":"category","embeddable":true,"href":"http:\/\/wgphoto.pl\/t\/index.php?rest_route=%2Fwp%2Fv2%2Fcategories&post=1281"},{"taxonomy":"post_tag","embeddable":true,"href":"http:\/\/wgphoto.pl\/t\/index.php?rest_route=%2Fwp%2Fv2%2Ftags&post=1281"}],"curies":[{"name":"wp","href":"https:\/\/api.w.org\/{rel}","templated":true}]}}