{"id":12876,"date":"2025-02-24T17:35:10","date_gmt":"2025-02-24T16:35:10","guid":{"rendered":"https:\/\/wgphoto.pl\/t\/?p=12876"},"modified":"2025-02-24T17:35:10","modified_gmt":"2025-02-24T16:35:10","slug":"deptak","status":"publish","type":"post","link":"http:\/\/wgphoto.pl\/t\/?p=12876","title":{"rendered":"Deptak"},"content":{"rendered":"\n<figure class=\"wp-block-image aligncenter size-full\"><img loading=\"lazy\" decoding=\"async\" width=\"900\" height=\"675\" src=\"https:\/\/wgphoto.pl\/t\/wp-content\/uploads\/2025\/02\/dscf6904.jpg\" alt=\"\" class=\"wp-image-12877\" srcset=\"http:\/\/wgphoto.pl\/t\/wp-content\/uploads\/2025\/02\/dscf6904.jpg 900w, http:\/\/wgphoto.pl\/t\/wp-content\/uploads\/2025\/02\/dscf6904-300x225.jpg 300w, http:\/\/wgphoto.pl\/t\/wp-content\/uploads\/2025\/02\/dscf6904-768x576.jpg 768w\" sizes=\"auto, (max-width: 900px) 100vw, 900px\" \/><\/figure>\n\n\n\n<div class=\"wp-block-group has-global-padding is-layout-constrained wp-block-group-is-layout-constrained\">\n<p>Chorz\u00f3w, ul. Wolno\u015bci. Stodw\u00f3jka na deptaku. To foto pokazuje, jakie ogniskowe cz\u0119sto by\u0142y w modzie, ale dodaj\u0119 je, bo nie s\u0105dzi\u0142em \u017ce tak \u0142adnie da si\u0119 wyci\u0105gn\u0105\u0107 cienie z rawa z ma\u0142ej cyfry. 2008-05-10<\/p>\n<\/div>\n","protected":false},"excerpt":{"rendered":"<p>Chorz\u00f3w, ul. Wolno\u015bci. Stodw\u00f3jka na deptaku. To foto pokazuje, jakie ogniskowe cz\u0119sto by\u0142y w modzie, ale dodaj\u0119 je, bo nie s\u0105dzi\u0142em \u017ce tak \u0142adnie da si\u0119 wyci\u0105gn\u0105\u0107 cienie z rawa z ma\u0142ej cyfry. 2008-05-10<\/p>\n","protected":false},"author":1,"featured_media":12877,"comment_status":"open","ping_status":"","sticky":false,"template":"","format":"standard","meta":{"footnotes":""},"categories":[120,3],"tags":[2301,1622,239,277,309,27,893,279],"class_list":["post-12876","post","type-post","status-publish","format-standard","has-post-thumbnail","hentry","category-rok-2008","category-tramwaj","tag-2008-05-10","tag-chorzow","tag-deptak","tag-gop","tag-konstal-102na","tag-polska","tag-przejazd-specjalny","tag-tramwaje-slaskie"],"_links":{"self":[{"href":"http:\/\/wgphoto.pl\/t\/index.php?rest_route=\/wp\/v2\/posts\/12876","targetHints":{"allow":["GET"]}}],"collection":[{"href":"http:\/\/wgphoto.pl\/t\/index.php?rest_route=\/wp\/v2\/posts"}],"about":[{"href":"http:\/\/wgphoto.pl\/t\/index.php?rest_route=\/wp\/v2\/types\/post"}],"author":[{"embeddable":true,"href":"http:\/\/wgphoto.pl\/t\/index.php?rest_route=\/wp\/v2\/users\/1"}],"replies":[{"embeddable":true,"href":"http:\/\/wgphoto.pl\/t\/index.php?rest_route=%2Fwp%2Fv2%2Fcomments&post=12876"}],"version-history":[{"count":1,"href":"http:\/\/wgphoto.pl\/t\/index.php?rest_route=\/wp\/v2\/posts\/12876\/revisions"}],"predecessor-version":[{"id":12878,"href":"http:\/\/wgphoto.pl\/t\/index.php?rest_route=\/wp\/v2\/posts\/12876\/revisions\/12878"}],"wp:featuredmedia":[{"embeddable":true,"href":"http:\/\/wgphoto.pl\/t\/index.php?rest_route=\/wp\/v2\/media\/12877"}],"wp:attachment":[{"href":"http:\/\/wgphoto.pl\/t\/index.php?rest_route=%2Fwp%2Fv2%2Fmedia&parent=12876"}],"wp:term":[{"taxonomy":"category","embeddable":true,"href":"http:\/\/wgphoto.pl\/t\/index.php?rest_route=%2Fwp%2Fv2%2Fcategories&post=12876"},{"taxonomy":"post_tag","embeddable":true,"href":"http:\/\/wgphoto.pl\/t\/index.php?rest_route=%2Fwp%2Fv2%2Ftags&post=12876"}],"curies":[{"name":"wp","href":"https:\/\/api.w.org\/{rel}","templated":true}]}}