{"id":12906,"date":"2025-02-24T17:46:05","date_gmt":"2025-02-24T16:46:05","guid":{"rendered":"https:\/\/wgphoto.pl\/t\/?p=12906"},"modified":"2025-02-24T17:46:05","modified_gmt":"2025-02-24T16:46:05","slug":"puszcza-wodica","status":"publish","type":"post","link":"http:\/\/wgphoto.pl\/t\/?p=12906","title":{"rendered":"Puszcza Wodica"},"content":{"rendered":"\n<figure class=\"wp-block-image aligncenter size-full\"><img loading=\"lazy\" decoding=\"async\" width=\"1025\" height=\"685\" src=\"https:\/\/wgphoto.pl\/t\/wp-content\/uploads\/2025\/02\/imgp2635-10.jpg\" alt=\"\" class=\"wp-image-12907\" srcset=\"http:\/\/wgphoto.pl\/t\/wp-content\/uploads\/2025\/02\/imgp2635-10.jpg 1025w, http:\/\/wgphoto.pl\/t\/wp-content\/uploads\/2025\/02\/imgp2635-10-300x200.jpg 300w, http:\/\/wgphoto.pl\/t\/wp-content\/uploads\/2025\/02\/imgp2635-10-768x513.jpg 768w\" sizes=\"auto, (max-width: 1025px) 100vw, 1025px\" \/><\/figure>\n\n\n\n<div class=\"wp-block-group has-global-padding is-layout-constrained wp-block-group-is-layout-constrained\">\n<p>To b\u0119dzie najpewniej przystanek Szosta Linija na ul. Junkierowa. Trasa s\u0142ynnej dwunastki do Puszczy Wodicy jest d\u0142u\u017csza ni\u017c s\u0105dzili\u015bmy, w zwi\u0105zku z czym &#8211; maj\u0105c do dyspozycji niewiele czasu &#8211; musieli\u015bmy zawr\u00f3ci\u0107 przed dotarciem do p\u0119tli ko\u0144cowej. Decyzja zapad\u0142a w\u0142a\u015bnie na tym przystanku. Kijowski przewo\u017anik jednak i tak nas przechytrzy\u0142, tramwaje nie dociera\u0142y bowiem do centrum, lecz tylko do zajezdni Podolskiej, wi\u0119c i tak nie zd\u0105\u017cyli\u015bmy dojecha\u0107 w um\u00f3wione miejsce na czas. 23.04.2010<\/p>\n<\/div>\n","protected":false},"excerpt":{"rendered":"<p>To b\u0119dzie najpewniej przystanek Szosta Linija na ul. Junkierowa. Trasa s\u0142ynnej dwunastki do Puszczy Wodicy jest d\u0142u\u017csza ni\u017c s\u0105dzili\u015bmy, w zwi\u0105zku z czym &#8211; maj\u0105c do dyspozycji niewiele czasu &#8211; musieli\u015bmy zawr\u00f3ci\u0107 przed dotarciem do p\u0119tli ko\u0144cowej. Decyzja zapad\u0142a w\u0142a\u015bnie na tym przystanku. Kijowski przewo\u017anik jednak i tak nas przechytrzy\u0142, tramwaje nie dociera\u0142y bowiem do [&hellip;]<\/p>\n","protected":false},"author":1,"featured_media":12907,"comment_status":"open","ping_status":"","sticky":false,"template":"","format":"standard","meta":{"footnotes":""},"categories":[86,3],"tags":[455,452,151,219,1011,453],"class_list":["post-12906","post","type-post","status-publish","format-standard","has-post-thumbnail","hentry","category-rok-2010","category-tramwaj","tag-2010-04-23","tag-kijow","tag-ludzie","tag-przystanek","tag-tatra-t3","tag-ukraina"],"_links":{"self":[{"href":"http:\/\/wgphoto.pl\/t\/index.php?rest_route=\/wp\/v2\/posts\/12906","targetHints":{"allow":["GET"]}}],"collection":[{"href":"http:\/\/wgphoto.pl\/t\/index.php?rest_route=\/wp\/v2\/posts"}],"about":[{"href":"http:\/\/wgphoto.pl\/t\/index.php?rest_route=\/wp\/v2\/types\/post"}],"author":[{"embeddable":true,"href":"http:\/\/wgphoto.pl\/t\/index.php?rest_route=\/wp\/v2\/users\/1"}],"replies":[{"embeddable":true,"href":"http:\/\/wgphoto.pl\/t\/index.php?rest_route=%2Fwp%2Fv2%2Fcomments&post=12906"}],"version-history":[{"count":1,"href":"http:\/\/wgphoto.pl\/t\/index.php?rest_route=\/wp\/v2\/posts\/12906\/revisions"}],"predecessor-version":[{"id":12908,"href":"http:\/\/wgphoto.pl\/t\/index.php?rest_route=\/wp\/v2\/posts\/12906\/revisions\/12908"}],"wp:featuredmedia":[{"embeddable":true,"href":"http:\/\/wgphoto.pl\/t\/index.php?rest_route=\/wp\/v2\/media\/12907"}],"wp:attachment":[{"href":"http:\/\/wgphoto.pl\/t\/index.php?rest_route=%2Fwp%2Fv2%2Fmedia&parent=12906"}],"wp:term":[{"taxonomy":"category","embeddable":true,"href":"http:\/\/wgphoto.pl\/t\/index.php?rest_route=%2Fwp%2Fv2%2Fcategories&post=12906"},{"taxonomy":"post_tag","embeddable":true,"href":"http:\/\/wgphoto.pl\/t\/index.php?rest_route=%2Fwp%2Fv2%2Ftags&post=12906"}],"curies":[{"name":"wp","href":"https:\/\/api.w.org\/{rel}","templated":true}]}}