{"id":12915,"date":"2025-02-24T17:48:42","date_gmt":"2025-02-24T16:48:42","guid":{"rendered":"https:\/\/wgphoto.pl\/t\/?p=12915"},"modified":"2025-02-24T17:48:42","modified_gmt":"2025-02-24T16:48:42","slug":"metro-lisowa-ii","status":"publish","type":"post","link":"http:\/\/wgphoto.pl\/t\/?p=12915","title":{"rendered":"Metro Lisowa II"},"content":{"rendered":"\n<figure class=\"wp-block-image aligncenter size-full\"><img loading=\"lazy\" decoding=\"async\" width=\"1000\" height=\"669\" src=\"https:\/\/wgphoto.pl\/t\/wp-content\/uploads\/2025\/02\/imgp2645.jpg\" alt=\"\" class=\"wp-image-12916\" srcset=\"http:\/\/wgphoto.pl\/t\/wp-content\/uploads\/2025\/02\/imgp2645.jpg 1000w, http:\/\/wgphoto.pl\/t\/wp-content\/uploads\/2025\/02\/imgp2645-300x201.jpg 300w, http:\/\/wgphoto.pl\/t\/wp-content\/uploads\/2025\/02\/imgp2645-768x514.jpg 768w\" sizes=\"auto, (max-width: 1000px) 100vw, 1000px\" \/><\/figure>\n\n\n\n<div class=\"wp-block-group has-global-padding is-layout-constrained wp-block-group-is-layout-constrained\">\n<p>Kij\u00f3w, p\u0119tla Metro Lisowa. Foto pope\u0142nione w chwil\u0119 po wypuszczeniu mnie przez milicj\u0119, kt\u00f3ra zatrzyma\u0142a mnie &#8222;za wygl\u0105d&#8221; w\u015br\u00f3d t\u0142umu pasa\u017cer\u00f3w wylewaj\u0105cych si\u0119 z metra na ko\u0144cowej stacji. 2010-04-23<\/p>\n<\/div>\n","protected":false},"excerpt":{"rendered":"<p>Kij\u00f3w, p\u0119tla Metro Lisowa. Foto pope\u0142nione w chwil\u0119 po wypuszczeniu mnie przez milicj\u0119, kt\u00f3ra zatrzyma\u0142a mnie &#8222;za wygl\u0105d&#8221; w\u015br\u00f3d t\u0142umu pasa\u017cer\u00f3w wylewaj\u0105cych si\u0119 z metra na ko\u0144cowej stacji. 2010-04-23<\/p>\n","protected":false},"author":1,"featured_media":12916,"comment_status":"open","ping_status":"","sticky":false,"template":"","format":"standard","meta":{"footnotes":""},"categories":[86,3],"tags":[455,452,1011,453,90],"class_list":["post-12915","post","type-post","status-publish","format-standard","has-post-thumbnail","hentry","category-rok-2010","category-tramwaj","tag-2010-04-23","tag-kijow","tag-tatra-t3","tag-ukraina","tag-wieczorem"],"_links":{"self":[{"href":"http:\/\/wgphoto.pl\/t\/index.php?rest_route=\/wp\/v2\/posts\/12915","targetHints":{"allow":["GET"]}}],"collection":[{"href":"http:\/\/wgphoto.pl\/t\/index.php?rest_route=\/wp\/v2\/posts"}],"about":[{"href":"http:\/\/wgphoto.pl\/t\/index.php?rest_route=\/wp\/v2\/types\/post"}],"author":[{"embeddable":true,"href":"http:\/\/wgphoto.pl\/t\/index.php?rest_route=\/wp\/v2\/users\/1"}],"replies":[{"embeddable":true,"href":"http:\/\/wgphoto.pl\/t\/index.php?rest_route=%2Fwp%2Fv2%2Fcomments&post=12915"}],"version-history":[{"count":1,"href":"http:\/\/wgphoto.pl\/t\/index.php?rest_route=\/wp\/v2\/posts\/12915\/revisions"}],"predecessor-version":[{"id":12917,"href":"http:\/\/wgphoto.pl\/t\/index.php?rest_route=\/wp\/v2\/posts\/12915\/revisions\/12917"}],"wp:featuredmedia":[{"embeddable":true,"href":"http:\/\/wgphoto.pl\/t\/index.php?rest_route=\/wp\/v2\/media\/12916"}],"wp:attachment":[{"href":"http:\/\/wgphoto.pl\/t\/index.php?rest_route=%2Fwp%2Fv2%2Fmedia&parent=12915"}],"wp:term":[{"taxonomy":"category","embeddable":true,"href":"http:\/\/wgphoto.pl\/t\/index.php?rest_route=%2Fwp%2Fv2%2Fcategories&post=12915"},{"taxonomy":"post_tag","embeddable":true,"href":"http:\/\/wgphoto.pl\/t\/index.php?rest_route=%2Fwp%2Fv2%2Ftags&post=12915"}],"curies":[{"name":"wp","href":"https:\/\/api.w.org\/{rel}","templated":true}]}}