{"id":12918,"date":"2025-02-24T17:49:42","date_gmt":"2025-02-24T16:49:42","guid":{"rendered":"https:\/\/wgphoto.pl\/t\/?p=12918"},"modified":"2025-02-24T17:49:42","modified_gmt":"2025-02-24T16:49:42","slug":"targowisko-ii","status":"publish","type":"post","link":"http:\/\/wgphoto.pl\/t\/?p=12918","title":{"rendered":"Targowisko II"},"content":{"rendered":"\n<figure class=\"wp-block-image aligncenter size-full\"><img loading=\"lazy\" decoding=\"async\" width=\"1024\" height=\"672\" src=\"https:\/\/wgphoto.pl\/t\/wp-content\/uploads\/2025\/02\/imgp2634.jpg\" alt=\"\" class=\"wp-image-12919\" srcset=\"http:\/\/wgphoto.pl\/t\/wp-content\/uploads\/2025\/02\/imgp2634.jpg 1024w, http:\/\/wgphoto.pl\/t\/wp-content\/uploads\/2025\/02\/imgp2634-300x197.jpg 300w, http:\/\/wgphoto.pl\/t\/wp-content\/uploads\/2025\/02\/imgp2634-768x504.jpg 768w\" sizes=\"auto, (max-width: 1024px) 100vw, 1024px\" \/><\/figure>\n\n\n\n<div class=\"wp-block-group has-global-padding is-layout-constrained wp-block-group-is-layout-constrained\">\n<p>T3SU 5978 wje\u017cd\u017ca na p\u0119tl\u0119 przy ul. Skljarenka, w rejonie kt\u00f3rej &#8211; jak przy wielu w\u0119z\u0142ach przesiadkowych w tej cz\u0119\u015bci \u015bwiata &#8211; powsta\u0142o targowisko. Mo\u017cna by pewnie wyznaczy\u0107 wsp\u00f3\u0142czynnik proporcjonalno\u015bci &#8222;klasy&#8221; w\u0119z\u0142a do &#8222;klasy&#8221; bazaru, przy stacjach metra stragan\u00f3w jest bowiem wi\u0119cej i s\u0105 wyposa\u017cone w nieco bogatsz\u0105 infrastruktur\u0119 ni\u017c tutaj, gdzie spotyka si\u0119 tylko kilka linii tramwajowych. \ud83d\ude09 23.04.2010<\/p>\n<\/div>\n","protected":false},"excerpt":{"rendered":"<p>T3SU 5978 wje\u017cd\u017ca na p\u0119tl\u0119 przy ul. Skljarenka, w rejonie kt\u00f3rej &#8211; jak przy wielu w\u0119z\u0142ach przesiadkowych w tej cz\u0119\u015bci \u015bwiata &#8211; powsta\u0142o targowisko. Mo\u017cna by pewnie wyznaczy\u0107 wsp\u00f3\u0142czynnik proporcjonalno\u015bci &#8222;klasy&#8221; w\u0119z\u0142a do &#8222;klasy&#8221; bazaru, przy stacjach metra stragan\u00f3w jest bowiem wi\u0119cej i s\u0105 wyposa\u017cone w nieco bogatsz\u0105 infrastruktur\u0119 ni\u017c tutaj, gdzie spotyka si\u0119 tylko [&hellip;]<\/p>\n","protected":false},"author":1,"featured_media":12919,"comment_status":"open","ping_status":"","sticky":false,"template":"","format":"standard","meta":{"footnotes":""},"categories":[86,3],"tags":[455,452,151,1011,453],"class_list":["post-12918","post","type-post","status-publish","format-standard","has-post-thumbnail","hentry","category-rok-2010","category-tramwaj","tag-2010-04-23","tag-kijow","tag-ludzie","tag-tatra-t3","tag-ukraina"],"_links":{"self":[{"href":"http:\/\/wgphoto.pl\/t\/index.php?rest_route=\/wp\/v2\/posts\/12918","targetHints":{"allow":["GET"]}}],"collection":[{"href":"http:\/\/wgphoto.pl\/t\/index.php?rest_route=\/wp\/v2\/posts"}],"about":[{"href":"http:\/\/wgphoto.pl\/t\/index.php?rest_route=\/wp\/v2\/types\/post"}],"author":[{"embeddable":true,"href":"http:\/\/wgphoto.pl\/t\/index.php?rest_route=\/wp\/v2\/users\/1"}],"replies":[{"embeddable":true,"href":"http:\/\/wgphoto.pl\/t\/index.php?rest_route=%2Fwp%2Fv2%2Fcomments&post=12918"}],"version-history":[{"count":1,"href":"http:\/\/wgphoto.pl\/t\/index.php?rest_route=\/wp\/v2\/posts\/12918\/revisions"}],"predecessor-version":[{"id":12920,"href":"http:\/\/wgphoto.pl\/t\/index.php?rest_route=\/wp\/v2\/posts\/12918\/revisions\/12920"}],"wp:featuredmedia":[{"embeddable":true,"href":"http:\/\/wgphoto.pl\/t\/index.php?rest_route=\/wp\/v2\/media\/12919"}],"wp:attachment":[{"href":"http:\/\/wgphoto.pl\/t\/index.php?rest_route=%2Fwp%2Fv2%2Fmedia&parent=12918"}],"wp:term":[{"taxonomy":"category","embeddable":true,"href":"http:\/\/wgphoto.pl\/t\/index.php?rest_route=%2Fwp%2Fv2%2Fcategories&post=12918"},{"taxonomy":"post_tag","embeddable":true,"href":"http:\/\/wgphoto.pl\/t\/index.php?rest_route=%2Fwp%2Fv2%2Ftags&post=12918"}],"curies":[{"name":"wp","href":"https:\/\/api.w.org\/{rel}","templated":true}]}}