{"id":12939,"date":"2025-02-24T17:59:52","date_gmt":"2025-02-24T16:59:52","guid":{"rendered":"https:\/\/wgphoto.pl\/t\/?p=12939"},"modified":"2025-03-09T19:36:53","modified_gmt":"2025-03-09T18:36:53","slug":"bystrc-zielony","status":"publish","type":"post","link":"http:\/\/wgphoto.pl\/t\/?p=12939","title":{"rendered":"Bystrc zielony"},"content":{"rendered":"\n<figure class=\"wp-block-image aligncenter size-full\"><img loading=\"lazy\" decoding=\"async\" width=\"1200\" height=\"900\" src=\"https:\/\/wgphoto.pl\/t\/wp-content\/uploads\/2025\/02\/DSCF7526.jpg\" alt=\"\" class=\"wp-image-14367\" srcset=\"http:\/\/wgphoto.pl\/t\/wp-content\/uploads\/2025\/02\/DSCF7526.jpg 1200w, http:\/\/wgphoto.pl\/t\/wp-content\/uploads\/2025\/02\/DSCF7526-300x225.jpg 300w, http:\/\/wgphoto.pl\/t\/wp-content\/uploads\/2025\/02\/DSCF7526-768x576.jpg 768w\" sizes=\"auto, (max-width: 1200px) 100vw, 1200px\" \/><\/figure>\n\n\n\n<div class=\"wp-block-group has-global-padding is-layout-constrained wp-block-group-is-layout-constrained\">\n<p>Dla mnie by\u0142a to ju\u017c ca\u0142kiem zaawansowana pora dnia, wszak przyjecha\u0142em do Brna przed 4 rano, a tramwaje o\u015bwietlane by\u0142y wschodz\u0105cym dopiero, wrze\u015bniowym s\u0142o\u0144cem. Zestaw T3M 1541+1545 ko\u0144czy kurs linii 1 docieraj\u0105c po 53 minutach jazdy do p\u0119tli Bystrc E\u010derova. Wystarczy si\u0119 obr\u00f3ci\u0107 na pi\u0119cie wzgl\u0119dem poprzedniego zdj\u0119cia i ju\u017c zamiast wielkiej p\u0142yty mamy ogr\u00f3dki i pag\u00f3rki. 12.09.2008<\/p>\n<\/div>\n","protected":false},"excerpt":{"rendered":"<p>Dla mnie by\u0142a to ju\u017c ca\u0142kiem zaawansowana pora dnia, wszak przyjecha\u0142em do Brna przed 4 rano, a tramwaje o\u015bwietlane by\u0142y wschodz\u0105cym dopiero, wrze\u015bniowym s\u0142o\u0144cem. Zestaw T3M 1541+1545 ko\u0144czy kurs linii 1 docieraj\u0105c po 53 minutach jazdy do p\u0119tli Bystrc E\u010derova. Wystarczy si\u0119 obr\u00f3ci\u0107 na pi\u0119cie wzgl\u0119dem poprzedniego zdj\u0119cia i ju\u017c zamiast wielkiej p\u0142yty mamy ogr\u00f3dki [&hellip;]<\/p>\n","protected":false},"author":1,"featured_media":14367,"comment_status":"open","ping_status":"","sticky":false,"template":"","format":"standard","meta":{"footnotes":""},"categories":[120,3],"tags":[329,328,49,330,176,181,1011],"class_list":["post-12939","post","type-post","status-publish","format-standard","has-post-thumbnail","hentry","category-rok-2008","category-tramwaj","tag-2008-09-12","tag-brno","tag-czechy","tag-dpmb-brno","tag-rano","tag-slonce","tag-tatra-t3"],"_links":{"self":[{"href":"http:\/\/wgphoto.pl\/t\/index.php?rest_route=\/wp\/v2\/posts\/12939","targetHints":{"allow":["GET"]}}],"collection":[{"href":"http:\/\/wgphoto.pl\/t\/index.php?rest_route=\/wp\/v2\/posts"}],"about":[{"href":"http:\/\/wgphoto.pl\/t\/index.php?rest_route=\/wp\/v2\/types\/post"}],"author":[{"embeddable":true,"href":"http:\/\/wgphoto.pl\/t\/index.php?rest_route=\/wp\/v2\/users\/1"}],"replies":[{"embeddable":true,"href":"http:\/\/wgphoto.pl\/t\/index.php?rest_route=%2Fwp%2Fv2%2Fcomments&post=12939"}],"version-history":[{"count":2,"href":"http:\/\/wgphoto.pl\/t\/index.php?rest_route=\/wp\/v2\/posts\/12939\/revisions"}],"predecessor-version":[{"id":14368,"href":"http:\/\/wgphoto.pl\/t\/index.php?rest_route=\/wp\/v2\/posts\/12939\/revisions\/14368"}],"wp:featuredmedia":[{"embeddable":true,"href":"http:\/\/wgphoto.pl\/t\/index.php?rest_route=\/wp\/v2\/media\/14367"}],"wp:attachment":[{"href":"http:\/\/wgphoto.pl\/t\/index.php?rest_route=%2Fwp%2Fv2%2Fmedia&parent=12939"}],"wp:term":[{"taxonomy":"category","embeddable":true,"href":"http:\/\/wgphoto.pl\/t\/index.php?rest_route=%2Fwp%2Fv2%2Fcategories&post=12939"},{"taxonomy":"post_tag","embeddable":true,"href":"http:\/\/wgphoto.pl\/t\/index.php?rest_route=%2Fwp%2Fv2%2Ftags&post=12939"}],"curies":[{"name":"wp","href":"https:\/\/api.w.org\/{rel}","templated":true}]}}