{"id":12942,"date":"2025-02-24T18:00:50","date_gmt":"2025-02-24T17:00:50","guid":{"rendered":"https:\/\/wgphoto.pl\/t\/?p=12942"},"modified":"2025-02-24T18:00:50","modified_gmt":"2025-02-24T17:00:50","slug":"bystrc-betonowy","status":"publish","type":"post","link":"http:\/\/wgphoto.pl\/t\/?p=12942","title":{"rendered":"Bystrc betonowy"},"content":{"rendered":"\n<figure class=\"wp-block-image aligncenter size-full\"><img loading=\"lazy\" decoding=\"async\" width=\"1024\" height=\"684\" src=\"https:\/\/wgphoto.pl\/t\/wp-content\/uploads\/2025\/02\/dscf7525.jpg\" alt=\"\" class=\"wp-image-12943\" srcset=\"http:\/\/wgphoto.pl\/t\/wp-content\/uploads\/2025\/02\/dscf7525.jpg 1024w, http:\/\/wgphoto.pl\/t\/wp-content\/uploads\/2025\/02\/dscf7525-300x200.jpg 300w, http:\/\/wgphoto.pl\/t\/wp-content\/uploads\/2025\/02\/dscf7525-768x513.jpg 768w\" sizes=\"auto, (max-width: 1024px) 100vw, 1024px\" \/><\/figure>\n\n\n\n<div class=\"wp-block-group has-global-padding is-layout-constrained wp-block-group-is-layout-constrained\">\n<p>Czechos\u0142owacka &#8222;stodw\u00f3jka&#8221; z dodan\u0105 w ramach modernizacji niskopod\u0142ogow\u0105 wstawk\u0105 &#8211; oznaczona obecnie jako K3R-N &#8211; przed momentem odjecha\u0142a z p\u0119tli Bystrc E\u010derova w d\u0142ug\u0105 tras\u0119 linii 1, kt\u00f3rej pocz\u0105tkowy odcinek pomi\u0119dzy osiedlami Bystrc i Kom\u00edn ma charakter szybkiego tramwaju i jest &#8211; jak na blokowisko &#8211; ca\u0142kiem malowniczy. 12.09.2008<\/p>\n<\/div>\n","protected":false},"excerpt":{"rendered":"<p>Czechos\u0142owacka &#8222;stodw\u00f3jka&#8221; z dodan\u0105 w ramach modernizacji niskopod\u0142ogow\u0105 wstawk\u0105 &#8211; oznaczona obecnie jako K3R-N &#8211; przed momentem odjecha\u0142a z p\u0119tli Bystrc E\u010derova w d\u0142ug\u0105 tras\u0119 linii 1, kt\u00f3rej pocz\u0105tkowy odcinek pomi\u0119dzy osiedlami Bystrc i Kom\u00edn ma charakter szybkiego tramwaju i jest &#8211; jak na blokowisko &#8211; ca\u0142kiem malowniczy. 12.09.2008<\/p>\n","protected":false},"author":1,"featured_media":12943,"comment_status":"open","ping_status":"","sticky":false,"template":"","format":"standard","meta":{"footnotes":""},"categories":[120,3],"tags":[329,328,49,330,176,3290],"class_list":["post-12942","post","type-post","status-publish","format-standard","has-post-thumbnail","hentry","category-rok-2008","category-tramwaj","tag-2008-09-12","tag-brno","tag-czechy","tag-dpmb-brno","tag-rano","tag-tatra-k3r-n"],"_links":{"self":[{"href":"http:\/\/wgphoto.pl\/t\/index.php?rest_route=\/wp\/v2\/posts\/12942","targetHints":{"allow":["GET"]}}],"collection":[{"href":"http:\/\/wgphoto.pl\/t\/index.php?rest_route=\/wp\/v2\/posts"}],"about":[{"href":"http:\/\/wgphoto.pl\/t\/index.php?rest_route=\/wp\/v2\/types\/post"}],"author":[{"embeddable":true,"href":"http:\/\/wgphoto.pl\/t\/index.php?rest_route=\/wp\/v2\/users\/1"}],"replies":[{"embeddable":true,"href":"http:\/\/wgphoto.pl\/t\/index.php?rest_route=%2Fwp%2Fv2%2Fcomments&post=12942"}],"version-history":[{"count":1,"href":"http:\/\/wgphoto.pl\/t\/index.php?rest_route=\/wp\/v2\/posts\/12942\/revisions"}],"predecessor-version":[{"id":12944,"href":"http:\/\/wgphoto.pl\/t\/index.php?rest_route=\/wp\/v2\/posts\/12942\/revisions\/12944"}],"wp:featuredmedia":[{"embeddable":true,"href":"http:\/\/wgphoto.pl\/t\/index.php?rest_route=\/wp\/v2\/media\/12943"}],"wp:attachment":[{"href":"http:\/\/wgphoto.pl\/t\/index.php?rest_route=%2Fwp%2Fv2%2Fmedia&parent=12942"}],"wp:term":[{"taxonomy":"category","embeddable":true,"href":"http:\/\/wgphoto.pl\/t\/index.php?rest_route=%2Fwp%2Fv2%2Fcategories&post=12942"},{"taxonomy":"post_tag","embeddable":true,"href":"http:\/\/wgphoto.pl\/t\/index.php?rest_route=%2Fwp%2Fv2%2Ftags&post=12942"}],"curies":[{"name":"wp","href":"https:\/\/api.w.org\/{rel}","templated":true}]}}