{"id":12945,"date":"2025-02-24T18:02:09","date_gmt":"2025-02-24T17:02:09","guid":{"rendered":"https:\/\/wgphoto.pl\/t\/?p=12945"},"modified":"2025-02-24T18:02:09","modified_gmt":"2025-02-24T17:02:09","slug":"pod-gorke","status":"publish","type":"post","link":"http:\/\/wgphoto.pl\/t\/?p=12945","title":{"rendered":"Pod g\u00f3rk\u0119"},"content":{"rendered":"\n<figure class=\"wp-block-image aligncenter size-full\"><img loading=\"lazy\" decoding=\"async\" width=\"1024\" height=\"685\" src=\"https:\/\/wgphoto.pl\/t\/wp-content\/uploads\/2025\/02\/imgp7589.jpg\" alt=\"\" class=\"wp-image-12946\" srcset=\"http:\/\/wgphoto.pl\/t\/wp-content\/uploads\/2025\/02\/imgp7589.jpg 1024w, http:\/\/wgphoto.pl\/t\/wp-content\/uploads\/2025\/02\/imgp7589-300x201.jpg 300w, http:\/\/wgphoto.pl\/t\/wp-content\/uploads\/2025\/02\/imgp7589-768x514.jpg 768w\" sizes=\"auto, (max-width: 1024px) 100vw, 1024px\" \/><\/figure>\n\n\n\n<div class=\"wp-block-group has-global-padding is-layout-constrained wp-block-group-is-layout-constrained\">\n<p>Brno, ul. Banskobystrick\u00e1. Zestaw T3M 1568+1566 wspina si\u0119 w kierunku \u0158e\u010dkovic. 21.07.2009<\/p>\n<\/div>\n","protected":false},"excerpt":{"rendered":"<p>Brno, ul. Banskobystrick\u00e1. Zestaw T3M 1568+1566 wspina si\u0119 w kierunku \u0158e\u010dkovic. 21.07.2009<\/p>\n","protected":false},"author":1,"featured_media":12946,"comment_status":"open","ping_status":"","sticky":false,"template":"","format":"standard","meta":{"footnotes":""},"categories":[169,3],"tags":[1244,328,49,330,118,1011],"class_list":["post-12945","post","type-post","status-publish","format-standard","has-post-thumbnail","hentry","category-rok-2009","category-tramwaj","tag-2009-07-21","tag-brno","tag-czechy","tag-dpmb-brno","tag-plany-i-profile","tag-tatra-t3"],"_links":{"self":[{"href":"http:\/\/wgphoto.pl\/t\/index.php?rest_route=\/wp\/v2\/posts\/12945","targetHints":{"allow":["GET"]}}],"collection":[{"href":"http:\/\/wgphoto.pl\/t\/index.php?rest_route=\/wp\/v2\/posts"}],"about":[{"href":"http:\/\/wgphoto.pl\/t\/index.php?rest_route=\/wp\/v2\/types\/post"}],"author":[{"embeddable":true,"href":"http:\/\/wgphoto.pl\/t\/index.php?rest_route=\/wp\/v2\/users\/1"}],"replies":[{"embeddable":true,"href":"http:\/\/wgphoto.pl\/t\/index.php?rest_route=%2Fwp%2Fv2%2Fcomments&post=12945"}],"version-history":[{"count":1,"href":"http:\/\/wgphoto.pl\/t\/index.php?rest_route=\/wp\/v2\/posts\/12945\/revisions"}],"predecessor-version":[{"id":12947,"href":"http:\/\/wgphoto.pl\/t\/index.php?rest_route=\/wp\/v2\/posts\/12945\/revisions\/12947"}],"wp:featuredmedia":[{"embeddable":true,"href":"http:\/\/wgphoto.pl\/t\/index.php?rest_route=\/wp\/v2\/media\/12946"}],"wp:attachment":[{"href":"http:\/\/wgphoto.pl\/t\/index.php?rest_route=%2Fwp%2Fv2%2Fmedia&parent=12945"}],"wp:term":[{"taxonomy":"category","embeddable":true,"href":"http:\/\/wgphoto.pl\/t\/index.php?rest_route=%2Fwp%2Fv2%2Fcategories&post=12945"},{"taxonomy":"post_tag","embeddable":true,"href":"http:\/\/wgphoto.pl\/t\/index.php?rest_route=%2Fwp%2Fv2%2Ftags&post=12945"}],"curies":[{"name":"wp","href":"https:\/\/api.w.org\/{rel}","templated":true}]}}