{"id":12948,"date":"2025-02-24T18:03:12","date_gmt":"2025-02-24T17:03:12","guid":{"rendered":"https:\/\/wgphoto.pl\/t\/?p=12948"},"modified":"2025-02-24T18:03:12","modified_gmt":"2025-02-24T17:03:12","slug":"videnska-zastavka-2","status":"publish","type":"post","link":"http:\/\/wgphoto.pl\/t\/?p=12948","title":{"rendered":"V\u00edde\u0148sk\u00e1 zast\u00e1vka"},"content":{"rendered":"\n<figure class=\"wp-block-image aligncenter size-full\"><img loading=\"lazy\" decoding=\"async\" width=\"1024\" height=\"686\" src=\"https:\/\/wgphoto.pl\/t\/wp-content\/uploads\/2025\/02\/imgp7604.jpg\" alt=\"\" class=\"wp-image-12949\" srcset=\"http:\/\/wgphoto.pl\/t\/wp-content\/uploads\/2025\/02\/imgp7604.jpg 1024w, http:\/\/wgphoto.pl\/t\/wp-content\/uploads\/2025\/02\/imgp7604-300x201.jpg 300w, http:\/\/wgphoto.pl\/t\/wp-content\/uploads\/2025\/02\/imgp7604-768x515.jpg 768w\" sizes=\"auto, (max-width: 1024px) 100vw, 1024px\" \/><\/figure>\n\n\n\n<div class=\"wp-block-group has-global-padding is-layout-constrained wp-block-group-is-layout-constrained\">\n<p>KT8, kt\u00f3ry pojawi\u0142 si\u0119 na linii 1 tylko po to aby wykona\u0107 oznaczone w rozk\u0142adzie jazdy kursy z gwarantowan\u0105 nisk\u0105 pod\u0142og\u0105, obs\u0142uguje przystanek wiede\u0144ski na ulicy Ba\u0144skobystrzyckiej w Brnie. Doskonale widoczna jest r\u00f3\u017cnica wysoko\u015bci mi\u0119dzy progiem tramwajowych drzwi a jezdni\u0105 wyniesion\u0105 (w rejonie przystanku) i niewyniesion\u0105. 21.07.2009<\/p>\n<\/div>\n","protected":false},"excerpt":{"rendered":"<p>KT8, kt\u00f3ry pojawi\u0142 si\u0119 na linii 1 tylko po to aby wykona\u0107 oznaczone w rozk\u0142adzie jazdy kursy z gwarantowan\u0105 nisk\u0105 pod\u0142og\u0105, obs\u0142uguje przystanek wiede\u0144ski na ulicy Ba\u0144skobystrzyckiej w Brnie. Doskonale widoczna jest r\u00f3\u017cnica wysoko\u015bci mi\u0119dzy progiem tramwajowych drzwi a jezdni\u0105 wyniesion\u0105 (w rejonie przystanku) i niewyniesion\u0105. 21.07.2009<\/p>\n","protected":false},"author":1,"featured_media":12949,"comment_status":"open","ping_status":"","sticky":false,"template":"","format":"standard","meta":{"footnotes":""},"categories":[169,3],"tags":[1244,328,49,330,230,1075],"class_list":["post-12948","post","type-post","status-publish","format-standard","has-post-thumbnail","hentry","category-rok-2009","category-tramwaj","tag-2009-07-21","tag-brno","tag-czechy","tag-dpmb-brno","tag-infrastruktura","tag-tatra-kt8"],"_links":{"self":[{"href":"http:\/\/wgphoto.pl\/t\/index.php?rest_route=\/wp\/v2\/posts\/12948","targetHints":{"allow":["GET"]}}],"collection":[{"href":"http:\/\/wgphoto.pl\/t\/index.php?rest_route=\/wp\/v2\/posts"}],"about":[{"href":"http:\/\/wgphoto.pl\/t\/index.php?rest_route=\/wp\/v2\/types\/post"}],"author":[{"embeddable":true,"href":"http:\/\/wgphoto.pl\/t\/index.php?rest_route=\/wp\/v2\/users\/1"}],"replies":[{"embeddable":true,"href":"http:\/\/wgphoto.pl\/t\/index.php?rest_route=%2Fwp%2Fv2%2Fcomments&post=12948"}],"version-history":[{"count":1,"href":"http:\/\/wgphoto.pl\/t\/index.php?rest_route=\/wp\/v2\/posts\/12948\/revisions"}],"predecessor-version":[{"id":12950,"href":"http:\/\/wgphoto.pl\/t\/index.php?rest_route=\/wp\/v2\/posts\/12948\/revisions\/12950"}],"wp:featuredmedia":[{"embeddable":true,"href":"http:\/\/wgphoto.pl\/t\/index.php?rest_route=\/wp\/v2\/media\/12949"}],"wp:attachment":[{"href":"http:\/\/wgphoto.pl\/t\/index.php?rest_route=%2Fwp%2Fv2%2Fmedia&parent=12948"}],"wp:term":[{"taxonomy":"category","embeddable":true,"href":"http:\/\/wgphoto.pl\/t\/index.php?rest_route=%2Fwp%2Fv2%2Fcategories&post=12948"},{"taxonomy":"post_tag","embeddable":true,"href":"http:\/\/wgphoto.pl\/t\/index.php?rest_route=%2Fwp%2Fv2%2Ftags&post=12948"}],"curies":[{"name":"wp","href":"https:\/\/api.w.org\/{rel}","templated":true}]}}