{"id":12951,"date":"2025-02-24T18:04:18","date_gmt":"2025-02-24T17:04:18","guid":{"rendered":"https:\/\/wgphoto.pl\/t\/?p=12951"},"modified":"2025-02-24T18:04:18","modified_gmt":"2025-02-24T17:04:18","slug":"skoda-na-winklu","status":"publish","type":"post","link":"http:\/\/wgphoto.pl\/t\/?p=12951","title":{"rendered":"\u0160koda na winklu"},"content":{"rendered":"\n<figure class=\"wp-block-image aligncenter size-full\"><img loading=\"lazy\" decoding=\"async\" width=\"1024\" height=\"685\" src=\"https:\/\/wgphoto.pl\/t\/wp-content\/uploads\/2025\/02\/imgp7547.jpg\" alt=\"\" class=\"wp-image-12952\" srcset=\"http:\/\/wgphoto.pl\/t\/wp-content\/uploads\/2025\/02\/imgp7547.jpg 1024w, http:\/\/wgphoto.pl\/t\/wp-content\/uploads\/2025\/02\/imgp7547-300x201.jpg 300w, http:\/\/wgphoto.pl\/t\/wp-content\/uploads\/2025\/02\/imgp7547-768x514.jpg 768w\" sizes=\"auto, (max-width: 1024px) 100vw, 1024px\" \/><\/figure>\n\n\n\n<div class=\"wp-block-group has-global-padding is-layout-constrained wp-block-group-is-layout-constrained\">\n<p>Brno, skrzy\u017cowanie ulic Svitavskiej z Vranovsk\u0105. Wagon 03T 1811, obs\u0142uguj\u0105cy moj\u0105 ulubion\u0105 brne\u0144sk\u0105 lini\u0119 &#8211; 4, przemierzaj\u0105c dzielnic\u0119 pe\u0142n\u0105 fotogenicznych kamienic oraz podejrzanych typ\u00f3w min\u0105\u0142 sklep z tanimi narz\u0119dziami. 21.07.2009<\/p>\n<\/div>\n","protected":false},"excerpt":{"rendered":"<p>Brno, skrzy\u017cowanie ulic Svitavskiej z Vranovsk\u0105. Wagon 03T 1811, obs\u0142uguj\u0105cy moj\u0105 ulubion\u0105 brne\u0144sk\u0105 lini\u0119 &#8211; 4, przemierzaj\u0105c dzielnic\u0119 pe\u0142n\u0105 fotogenicznych kamienic oraz podejrzanych typ\u00f3w min\u0105\u0142 sklep z tanimi narz\u0119dziami. 21.07.2009<\/p>\n","protected":false},"author":1,"featured_media":12952,"comment_status":"open","ping_status":"","sticky":false,"template":"","format":"standard","meta":{"footnotes":""},"categories":[169,3],"tags":[1244,328,49,330,1098],"class_list":["post-12951","post","type-post","status-publish","format-standard","has-post-thumbnail","hentry","category-rok-2009","category-tramwaj","tag-2009-07-21","tag-brno","tag-czechy","tag-dpmb-brno","tag-skoda-03t"],"_links":{"self":[{"href":"http:\/\/wgphoto.pl\/t\/index.php?rest_route=\/wp\/v2\/posts\/12951","targetHints":{"allow":["GET"]}}],"collection":[{"href":"http:\/\/wgphoto.pl\/t\/index.php?rest_route=\/wp\/v2\/posts"}],"about":[{"href":"http:\/\/wgphoto.pl\/t\/index.php?rest_route=\/wp\/v2\/types\/post"}],"author":[{"embeddable":true,"href":"http:\/\/wgphoto.pl\/t\/index.php?rest_route=\/wp\/v2\/users\/1"}],"replies":[{"embeddable":true,"href":"http:\/\/wgphoto.pl\/t\/index.php?rest_route=%2Fwp%2Fv2%2Fcomments&post=12951"}],"version-history":[{"count":1,"href":"http:\/\/wgphoto.pl\/t\/index.php?rest_route=\/wp\/v2\/posts\/12951\/revisions"}],"predecessor-version":[{"id":12953,"href":"http:\/\/wgphoto.pl\/t\/index.php?rest_route=\/wp\/v2\/posts\/12951\/revisions\/12953"}],"wp:featuredmedia":[{"embeddable":true,"href":"http:\/\/wgphoto.pl\/t\/index.php?rest_route=\/wp\/v2\/media\/12952"}],"wp:attachment":[{"href":"http:\/\/wgphoto.pl\/t\/index.php?rest_route=%2Fwp%2Fv2%2Fmedia&parent=12951"}],"wp:term":[{"taxonomy":"category","embeddable":true,"href":"http:\/\/wgphoto.pl\/t\/index.php?rest_route=%2Fwp%2Fv2%2Fcategories&post=12951"},{"taxonomy":"post_tag","embeddable":true,"href":"http:\/\/wgphoto.pl\/t\/index.php?rest_route=%2Fwp%2Fv2%2Ftags&post=12951"}],"curies":[{"name":"wp","href":"https:\/\/api.w.org\/{rel}","templated":true}]}}