{"id":12960,"date":"2025-02-24T18:07:27","date_gmt":"2025-02-24T17:07:27","guid":{"rendered":"https:\/\/wgphoto.pl\/t\/?p=12960"},"modified":"2025-02-24T18:07:27","modified_gmt":"2025-02-24T17:07:27","slug":"brazowy-pas","status":"publish","type":"post","link":"http:\/\/wgphoto.pl\/t\/?p=12960","title":{"rendered":"Br\u0105zowy pas"},"content":{"rendered":"\n<figure class=\"wp-block-image aligncenter size-full\"><img loading=\"lazy\" decoding=\"async\" width=\"1024\" height=\"685\" src=\"https:\/\/wgphoto.pl\/t\/wp-content\/uploads\/2025\/02\/imgp7797.jpg\" alt=\"\" class=\"wp-image-12961\" srcset=\"http:\/\/wgphoto.pl\/t\/wp-content\/uploads\/2025\/02\/imgp7797.jpg 1024w, http:\/\/wgphoto.pl\/t\/wp-content\/uploads\/2025\/02\/imgp7797-300x201.jpg 300w, http:\/\/wgphoto.pl\/t\/wp-content\/uploads\/2025\/02\/imgp7797-768x514.jpg 768w\" sizes=\"auto, (max-width: 1024px) 100vw, 1024px\" \/><\/figure>\n\n\n\n<div class=\"wp-block-group has-global-padding is-layout-constrained wp-block-group-is-layout-constrained\">\n<p>242 273-1, posiadaj\u0105ca unikalne malowanie z br\u0105zowym pasem, stoi na czele bli\u017cej nieokre\u015blonego poci\u0105gu w ciasnych peronach Brna hl.n. 22.07.2009<\/p>\n<\/div>\n","protected":false},"excerpt":{"rendered":"<p>242 273-1, posiadaj\u0105ca unikalne malowanie z br\u0105zowym pasem, stoi na czele bli\u017cej nieokre\u015blonego poci\u0105gu w ciasnych peronach Brna hl.n. 22.07.2009<\/p>\n","protected":false},"author":1,"featured_media":12961,"comment_status":"open","ping_status":"","sticky":false,"template":"","format":"standard","meta":{"footnotes":""},"categories":[2,169],"tags":[340,305,328,327,50,49,90],"class_list":["post-12960","post","type-post","status-publish","format-standard","has-post-thumbnail","hentry","category-kolej","category-rok-2009","tag-2009-07-22","tag-305","tag-brno","tag-brno-hlavni-nadrazi","tag-cd","tag-czechy","tag-wieczorem"],"_links":{"self":[{"href":"http:\/\/wgphoto.pl\/t\/index.php?rest_route=\/wp\/v2\/posts\/12960","targetHints":{"allow":["GET"]}}],"collection":[{"href":"http:\/\/wgphoto.pl\/t\/index.php?rest_route=\/wp\/v2\/posts"}],"about":[{"href":"http:\/\/wgphoto.pl\/t\/index.php?rest_route=\/wp\/v2\/types\/post"}],"author":[{"embeddable":true,"href":"http:\/\/wgphoto.pl\/t\/index.php?rest_route=\/wp\/v2\/users\/1"}],"replies":[{"embeddable":true,"href":"http:\/\/wgphoto.pl\/t\/index.php?rest_route=%2Fwp%2Fv2%2Fcomments&post=12960"}],"version-history":[{"count":1,"href":"http:\/\/wgphoto.pl\/t\/index.php?rest_route=\/wp\/v2\/posts\/12960\/revisions"}],"predecessor-version":[{"id":12962,"href":"http:\/\/wgphoto.pl\/t\/index.php?rest_route=\/wp\/v2\/posts\/12960\/revisions\/12962"}],"wp:featuredmedia":[{"embeddable":true,"href":"http:\/\/wgphoto.pl\/t\/index.php?rest_route=\/wp\/v2\/media\/12961"}],"wp:attachment":[{"href":"http:\/\/wgphoto.pl\/t\/index.php?rest_route=%2Fwp%2Fv2%2Fmedia&parent=12960"}],"wp:term":[{"taxonomy":"category","embeddable":true,"href":"http:\/\/wgphoto.pl\/t\/index.php?rest_route=%2Fwp%2Fv2%2Fcategories&post=12960"},{"taxonomy":"post_tag","embeddable":true,"href":"http:\/\/wgphoto.pl\/t\/index.php?rest_route=%2Fwp%2Fv2%2Ftags&post=12960"}],"curies":[{"name":"wp","href":"https:\/\/api.w.org\/{rel}","templated":true}]}}